{"id":2392,"date":"2019-07-20T12:04:45","date_gmt":"2019-07-20T17:04:45","guid":{"rendered":"http:\/\/www.zonaroja.com.mx\/?p=2392"},"modified":"2019-07-20T12:04:47","modified_gmt":"2019-07-20T17:04:47","slug":"tercer-dia-de-ejecuciones-en-tuxtepec-ahora-en-ejido-san-bartolo","status":"publish","type":"post","link":"https:\/\/zonaroja.com.mx\/?p=2392","title":{"rendered":"Tercer d\u00eda de ejecuciones en Tuxtepec, ahora en ejido San Bartolo"},"content":{"rendered":"\n<p>Redacci\u00f3n<\/p>\n\n\n\n<p>Oaxaca de\nJu\u00e1rez, Oax., 20 de julio de 2019.- Por tercer d\u00eda consecutivo, contin\u00faan las\nejecuciones y los hechos violentos en San Juan Bautista Tuxtepec, municipio de\nla regi\u00f3n de la Cuenca del Papaloapan.<\/p>\n\n\n\n<p>Poco despu\u00e9s\nde las ocho de la ma\u00f1ana, en la calle Hidalgo del Ejido San Bartolo, fue\nejecutado a balazos un individuo, hasta el momento no identificado.<\/p>\n\n\n\n<p>Al menos dos\npresuntos delincuentes atacaron a balazos a una persona del sexo masculino,\nhasta ahora no identificada, tras lo cual se dieron a la fuga.<\/p>\n\n\n\n<p>Con este\ncaso suman 53 asesinatos registrados en lo que va del a\u00f1o, seg\u00fan el recuento\ndel sitio informativo \u201cEl Pi\u00f1ero de la Cuenca\u201d.<\/p>\n\n\n\n<p>Desde el\npasado mi\u00e9rcoles han ocurrido una serie de hechos violentos de manera continua;\nen esa fecha, fue asesinado a balazos un var\u00f3n, en el fraccionamiento Jardines\ndel Arroyo, mientras que en otro sitio hubo otro ataque a balazos.<\/p>\n\n\n\n<p>El jueves\nocurri\u00f3 otro homicidio, en el bulevar Benito Ju\u00e1rez, entronque con diversas\nvialidades y donde se encuentra el monumento a la pi\u00f1a.<\/p>\n\n\n\n<p>Hasta ahora\nni las autoridades estatales ni las municipales han reportado personas\ndetenidas o reforzamiento de los patrullajes en ese municipio, donde gobierna por\nsegundo periodo el edil Fernando Bautista D\u00e1vila, el primero bajo las siglas\ndel Partido del Trabajo y el segundo por el Partido Nueva Alianza.<\/p>\n","protected":false},"excerpt":{"rendered":"<p>Redacci\u00f3n Oaxaca de Ju\u00e1rez, Oax., 20 de julio de 2019.- Por tercer d\u00eda consecutivo, contin\u00faan&hellip;<\/p>\n","protected":false},"author":2,"featured_media":2393,"comment_status":"closed","ping_status":"open","sticky":false,"template":"","format":"standard","meta":{"_lmt_disableupdate":"","_lmt_disable":"","_jetpack_memberships_contains_paid_content":false,"footnotes":""},"categories":[109,51],"tags":[],"class_list":["post-2392","post","type-post","status-publish","format-standard","has-post-thumbnail","hentry","category-minuto-a-minuto","category-zona-roja"],"jetpack_featured_media_url":"https:\/\/zonaroja.com.mx\/wp-content\/uploads\/2019\/07\/04fb9f9a-a5b3-4d76-aaa9-4048a0f2639a.jpg","jetpack_sharing_enabled":true,"_links":{"self":[{"href":"https:\/\/zonaroja.com.mx\/index.php?rest_route=\/wp\/v2\/posts\/2392","targetHints":{"allow":["GET"]}}],"collection":[{"href":"https:\/\/zonaroja.com.mx\/index.php?rest_route=\/wp\/v2\/posts"}],"about":[{"href":"https:\/\/zonaroja.com.mx\/index.php?rest_route=\/wp\/v2\/types\/post"}],"author":[{"embeddable":true,"href":"https:\/\/zonaroja.com.mx\/index.php?rest_route=\/wp\/v2\/users\/2"}],"replies":[{"embeddable":true,"href":"https:\/\/zonaroja.com.mx\/index.php?rest_route=%2Fwp%2Fv2%2Fcomments&post=2392"}],"version-history":[{"count":1,"href":"https:\/\/zonaroja.com.mx\/index.php?rest_route=\/wp\/v2\/posts\/2392\/revisions"}],"predecessor-version":[{"id":2394,"href":"https:\/\/zonaroja.com.mx\/index.php?rest_route=\/wp\/v2\/posts\/2392\/revisions\/2394"}],"wp:featuredmedia":[{"embeddable":true,"href":"https:\/\/zonaroja.com.mx\/index.php?rest_route=\/wp\/v2\/media\/2393"}],"wp:attachment":[{"href":"https:\/\/zonaroja.com.mx\/index.php?rest_route=%2Fwp%2Fv2%2Fmedia&parent=2392"}],"wp:term":[{"taxonomy":"category","embeddable":true,"href":"https:\/\/zonaroja.com.mx\/index.php?rest_route=%2Fwp%2Fv2%2Fcategories&post=2392"},{"taxonomy":"post_tag","embeddable":true,"href":"https:\/\/zonaroja.com.mx\/index.php?rest_route=%2Fwp%2Fv2%2Ftags&post=2392"}],"curies":[{"name":"wp","href":"https:\/\/api.w.org\/{rel}","templated":true}]}}