{"id":23922,"date":"2021-02-22T17:42:37","date_gmt":"2021-02-22T23:42:37","guid":{"rendered":"http:\/\/www.zonaroja.com.mx\/?p=23922"},"modified":"2021-02-22T17:42:42","modified_gmt":"2021-02-22T23:42:42","slug":"subsecretario-de-administracion-da-posesion-a-nuevo-director-en-los-servicios-de-salud","status":"publish","type":"post","link":"https:\/\/zonaroja.com.mx\/?p=23922","title":{"rendered":"Subsecretario de Administraci\u00f3n da posesi\u00f3n a nuevo director en los Servicios de Salud"},"content":{"rendered":"\n<p>Yuridiana Sosa\/Zona Roja.<\/p>\n\n\n\n<p>Oaxaca de Ju\u00e1rez, Oax., 22 de febrero de 2021.-A dos meses de la destituci\u00f3n de David Concha Su\u00e1rez, este lunes, Ricardo P\u00e1ez L\u00f3pez rindi\u00f3 protesta como nuevo director de Administraci\u00f3n de los Servicios de Salud de Oaxaca (SSO), ante el subsecretario de Administraci\u00f3n, Mart\u00edn Mathus Alonso.<\/p>\n\n\n\n<p>El nuevo funcionario fue presentado ante los trabajadores y representantes de diversos gremios; se ha desempe\u00f1ado en el \u00e1mbito privado y en el sector p\u00fablico a nivel nacional, en su actividad profesional cuenta con t\u00edtulos en licenciatura y posgrado en Administraci\u00f3n.<\/p>\n\n\n\n<p>Representantes de los sindicatos de los Servicios de Salud de Oaxaca se dirigieron a P\u00e1ez L\u00f3pez para dar su aval a su designaci\u00f3n y se dijeron dispuestos a sumar esfuerzos a fin de lograr un trabajo en equipo a favor de la base trabajadora, sin distinciones que afecten la vida laboral.<\/p>\n\n\n\n<p>El acto fue presidido en representaci\u00f3n del titular de los SSO, Juan Carlos M\u00e1rquez Heine, por el subsecretario de Administraci\u00f3n y Finanzas, Mart\u00edn Mathus Alonso, quien reiter\u00f3 su pol\u00edtica de puertas abiertas para todos.<\/p>\n\n\n\n<p>\u00abEl licenciado Ricardo P\u00e1ez es una persona preparada, sin lugar a dudas, har\u00e1 un trabajo importante, fundamental, comprometido; es bienvenido y seguramente estar\u00e1 en permanente comunicaci\u00f3n con las y los trabajadores\u00bb, expuso. <\/p>\n\n\n\n<p>La Secci\u00f3n 35 del SNTSA, pidi\u00f3 al nuevo director resolver el desastre administrativo de su antecesor, as\u00ed como dese\u00f3 \u00e9xito en sus funciones, pues contar con una buena administraci\u00f3n es de beneficio para todos. \u201cSu reto principal es componer esa situaci\u00f3n\u201d, apuntaron.<\/p>\n\n\n\n<p>\u201cA ponernos a trabajar, mis puertas est\u00e1n abiertas, hay que tratar de mantener comunicaci\u00f3n abierta, di\u00e1logo, haremos nuestro mayor esfuerzo para cumplir con las necesidades\u201d, expres\u00f3 a su vez el director de Administraci\u00f3n.<\/p>\n\n\n\n<p>En diciembre pasado, luego de una intensa movilizaci\u00f3n por varios d\u00edas de los trabajadores de salud, David Concha Su\u00e1rez present\u00f3 su renuncia al cargo de Director de Administraci\u00f3n de los Servicios de Salud de Oaxaca (SSO).<\/p>\n","protected":false},"excerpt":{"rendered":"<p>Yuridiana Sosa\/Zona Roja. Oaxaca de Ju\u00e1rez, Oax., 22 de febrero de 2021.-A dos meses de&hellip;<\/p>\n","protected":false},"author":2,"featured_media":23923,"comment_status":"closed","ping_status":"open","sticky":false,"template":"","format":"standard","meta":{"_lmt_disableupdate":"","_lmt_disable":"","_jetpack_memberships_contains_paid_content":false,"footnotes":""},"categories":[109,46],"tags":[1005],"class_list":["post-23922","post","type-post","status-publish","format-standard","has-post-thumbnail","hentry","category-minuto-a-minuto","category-zona-blanca","tag-servicios-de-salud-de-oaxaca-sso"],"jetpack_featured_media_url":"https:\/\/zonaroja.com.mx\/wp-content\/uploads\/2021\/02\/Toma-de-protesta-director-de-Administracion-SSO.jpg","jetpack_sharing_enabled":true,"_links":{"self":[{"href":"https:\/\/zonaroja.com.mx\/index.php?rest_route=\/wp\/v2\/posts\/23922","targetHints":{"allow":["GET"]}}],"collection":[{"href":"https:\/\/zonaroja.com.mx\/index.php?rest_route=\/wp\/v2\/posts"}],"about":[{"href":"https:\/\/zonaroja.com.mx\/index.php?rest_route=\/wp\/v2\/types\/post"}],"author":[{"embeddable":true,"href":"https:\/\/zonaroja.com.mx\/index.php?rest_route=\/wp\/v2\/users\/2"}],"replies":[{"embeddable":true,"href":"https:\/\/zonaroja.com.mx\/index.php?rest_route=%2Fwp%2Fv2%2Fcomments&post=23922"}],"version-history":[{"count":1,"href":"https:\/\/zonaroja.com.mx\/index.php?rest_route=\/wp\/v2\/posts\/23922\/revisions"}],"predecessor-version":[{"id":23924,"href":"https:\/\/zonaroja.com.mx\/index.php?rest_route=\/wp\/v2\/posts\/23922\/revisions\/23924"}],"wp:featuredmedia":[{"embeddable":true,"href":"https:\/\/zonaroja.com.mx\/index.php?rest_route=\/wp\/v2\/media\/23923"}],"wp:attachment":[{"href":"https:\/\/zonaroja.com.mx\/index.php?rest_route=%2Fwp%2Fv2%2Fmedia&parent=23922"}],"wp:term":[{"taxonomy":"category","embeddable":true,"href":"https:\/\/zonaroja.com.mx\/index.php?rest_route=%2Fwp%2Fv2%2Fcategories&post=23922"},{"taxonomy":"post_tag","embeddable":true,"href":"https:\/\/zonaroja.com.mx\/index.php?rest_route=%2Fwp%2Fv2%2Ftags&post=23922"}],"curies":[{"name":"wp","href":"https:\/\/api.w.org\/{rel}","templated":true}]}}