{"id":23925,"date":"2021-02-22T18:55:19","date_gmt":"2021-02-23T00:55:19","guid":{"rendered":"http:\/\/www.zonaroja.com.mx\/?p=23925"},"modified":"2021-02-22T18:55:23","modified_gmt":"2021-02-23T00:55:23","slug":"lanzan-campana-que-las-ninas-sean-ninas-no-esposas-impulsada-por-aleida-ruiz","status":"publish","type":"post","link":"https:\/\/zonaroja.com.mx\/?p=23925","title":{"rendered":"Lanzan campa\u00f1a \u201cQue las ni\u00f1as sean ni\u00f1as no esposas\u201d, impulsada por Aleida Ruiz"},"content":{"rendered":"\n<p>Yuridiana Sosa\/Zona Roja.<\/p>\n\n\n\n<p>Oaxaca de Ju\u00e1rez, Oax., 22 de febrero de 2021.- Con el fin de erradicar y concientizar sobre el delito que representa el matrimonio infantil, Aleida Ruiz Sosa, activista de los derechos humanos de la ni\u00f1ez, lanz\u00f3 la campa\u00f1a \u201cQue las ni\u00f1as sean ni\u00f1as no esposas\u201d.<\/p>\n\n\n\n<p>Acompa\u00f1ada tanto de la iniciativa privada como diputadas locales y federales, la adolescente de 15 a\u00f1os de edad, nominada al Premio Internacional de la Paz Infantil 2020, present\u00f3 el proyecto que desarrollar\u00e1 en Oaxaca.<\/p>\n\n\n\n<p>\u201cRecuerdo un momento en mi vida, que es el que me hace estar hoy aqu\u00ed, es el caso de una ni\u00f1a de 12 a\u00f1os que lleg\u00f3 a un hospital a tener a su beb\u00e9, esta ni\u00f1a hab\u00eda sido violada y adem\u00e1s casada con su violador de 65 a\u00f1os de edad. Yo no pod\u00eda creer que estas cosas pod\u00edan suceder\u201d, expres\u00f3 Ruiz Sosa, como parte de los motivos de esta iniciativa que impuls\u00f3.<\/p>\n\n\n\n<p>La campa\u00f1a \u201cQue las ni\u00f1as sean ni\u00f1as no esposas\u201d est\u00e1 planeada a desarrollarse en los 40 municipios de la entidad donde existe la Alerta de Violencia de G\u00e9nero, misma que podr\u00e1 ejecutarse una vez que el sem\u00e1foro epidemiol\u00f3gico de la pandemia les permita las condiciones para visitarlos.<\/p>\n\n\n\n<p>El plan de acci\u00f3n contempla clases de ballet cl\u00e1sico, disciplina art\u00edstica que Aleida Ruiz desempe\u00f1a; una puesta en escena y conferencias sobre el matrimonio infantil, con el objetivo de ense\u00f1arle a las ni\u00f1as y los ni\u00f1os otras realidades y busquen acceder a una mejor vida.<\/p>\n\n\n\n<figure class=\"wp-block-embed-twitter wp-block-embed is-type-rich is-provider-twitter\"><div class=\"wp-block-embed__wrapper\">\n<div class=\"twitter-tweet\"><blockquote class=\"twitter-tweet\" data-lang=\"es\"><p lang=\"es\" dir=\"ltr\">(a) La adolescente Aleyda Ruiz Sosa describi\u00f3 as\u00ed la grave problem\u00e1tica del abuso infantil y los matrimonios forzados con menores; preside la campa\u00f1a \u201cQue las ni\u00f1as sean ni\u00f1as no esposas\u201d, al que acudieron legisladoras y representantes de empresas. <a href=\"https:\/\/t.co\/Tuonc5aVni\">pic.twitter.com\/Tuonc5aVni<\/a><\/p>&mdash; Zona Roja Oaxaca (@Zona_Roja_Oax) <a href=\"https:\/\/twitter.com\/Zona_Roja_Oax\/status\/1363965367115075585?ref_src=twsrc%5Etfw\">22 de febrero de 2021<\/a><\/blockquote><\/div>\n<\/div><\/figure>\n\n\n\n<p>\u201cEl \u00fanico objetivo es luchar por los derechos de las ni\u00f1as, ni\u00f1os y adolescentes, su derecho a vivir en paz, la igualdad de oportunidades\u201d, manifest\u00f3 la joven activista.<\/p>\n\n\n\n<p>Record\u00f3 que en Oaxaca desde el 2013 el matrimonio infantil est\u00e1 calificado como un delito, sin embargo, siguen efectu\u00e1ndose, lo que ha llevado a la entidad a que el 39 por ciento de los matrimonios sean infantiles, as\u00ed como ser la tercera entidad con mayor incidencia por estos actos.<\/p>\n\n\n\n<p>Ruiz Sosa recalc\u00f3 que en M\u00e9xico el art\u00edculo 45 de la ley general de las ni\u00f1as y ni\u00f1os, refiere que es un delito de casarse antes de los 18 a\u00f1os, pero, desafortunadamente, \u201cesto es un crimen que es tolerado y consensito por la comunidad\u201d por diferentes circunstancias, principalmente la pobreza.<\/p>\n\n\n\n<p>Durante la presentaci\u00f3n estuvo presente el ex diputado Flavio Sosa Villavicencio, quien promovi\u00f3 la iniciativa para que el matrimonio infantil en Oaxaca fuera delito.<\/p>\n\n\n\n<p>El activista respald\u00f3 el proyecto de la joven bailarina y se uni\u00f3 al equipo, representado principalmente por mujeres.<\/p>\n\n\n\n<p>Tambi\u00e9n se sumaron las legisladoras federales por el PAN, Alejandra Garc\u00eda Morlan, y por el PT, Maribel Ruiz, as\u00ed como la diputada local por el PVEM, Aurora L\u00f3pez Acevedo.<\/p>\n\n\n\n<figure class=\"wp-block-embed-twitter wp-block-embed is-type-rich is-provider-twitter\"><div class=\"wp-block-embed__wrapper\">\n<div class=\"twitter-tweet\"><blockquote class=\"twitter-tweet\" data-lang=\"es\"><p lang=\"es\" dir=\"ltr\">(b) La campa\u00f1a \u201cQue las ni\u00f1as sean ni\u00f1as no esposas\u201d participa tambi\u00e9n la organizaci\u00f3n <a href=\"https:\/\/twitter.com\/comunaoax?ref_src=twsrc%5Etfw\">@comunaoax<\/a>, cuyo representante, <a href=\"https:\/\/twitter.com\/flaviososavilla?ref_src=twsrc%5Etfw\">@flaviososavilla<\/a>, estuvo en la presentaci\u00f3n, efectuada en un hotel de la capital. <a href=\"https:\/\/t.co\/IcoE8dEuUd\">pic.twitter.com\/IcoE8dEuUd<\/a><\/p>&mdash; Zona Roja Oaxaca (@Zona_Roja_Oax) <a href=\"https:\/\/twitter.com\/Zona_Roja_Oax\/status\/1363967653539237889?ref_src=twsrc%5Etfw\">22 de febrero de 2021<\/a><\/blockquote><\/div>\n<\/div><\/figure>\n","protected":false},"excerpt":{"rendered":"<p>Yuridiana Sosa\/Zona Roja. Oaxaca de Ju\u00e1rez, Oax., 22 de febrero de 2021.- Con el fin&hellip;<\/p>\n","protected":false},"author":2,"featured_media":23926,"comment_status":"closed","ping_status":"open","sticky":false,"template":"","format":"standard","meta":{"_lmt_disableupdate":"","_lmt_disable":"","_jetpack_memberships_contains_paid_content":false,"footnotes":""},"categories":[109,46],"tags":[2479],"class_list":["post-23925","post","type-post","status-publish","format-standard","has-post-thumbnail","hentry","category-minuto-a-minuto","category-zona-blanca","tag-que-las-ninas-sean-ninas-no-esposas"],"jetpack_featured_media_url":"https:\/\/zonaroja.com.mx\/wp-content\/uploads\/2021\/02\/Campana-que-las-ninas-sean-ninas.jpg","jetpack_sharing_enabled":true,"_links":{"self":[{"href":"https:\/\/zonaroja.com.mx\/index.php?rest_route=\/wp\/v2\/posts\/23925","targetHints":{"allow":["GET"]}}],"collection":[{"href":"https:\/\/zonaroja.com.mx\/index.php?rest_route=\/wp\/v2\/posts"}],"about":[{"href":"https:\/\/zonaroja.com.mx\/index.php?rest_route=\/wp\/v2\/types\/post"}],"author":[{"embeddable":true,"href":"https:\/\/zonaroja.com.mx\/index.php?rest_route=\/wp\/v2\/users\/2"}],"replies":[{"embeddable":true,"href":"https:\/\/zonaroja.com.mx\/index.php?rest_route=%2Fwp%2Fv2%2Fcomments&post=23925"}],"version-history":[{"count":1,"href":"https:\/\/zonaroja.com.mx\/index.php?rest_route=\/wp\/v2\/posts\/23925\/revisions"}],"predecessor-version":[{"id":23927,"href":"https:\/\/zonaroja.com.mx\/index.php?rest_route=\/wp\/v2\/posts\/23925\/revisions\/23927"}],"wp:featuredmedia":[{"embeddable":true,"href":"https:\/\/zonaroja.com.mx\/index.php?rest_route=\/wp\/v2\/media\/23926"}],"wp:attachment":[{"href":"https:\/\/zonaroja.com.mx\/index.php?rest_route=%2Fwp%2Fv2%2Fmedia&parent=23925"}],"wp:term":[{"taxonomy":"category","embeddable":true,"href":"https:\/\/zonaroja.com.mx\/index.php?rest_route=%2Fwp%2Fv2%2Fcategories&post=23925"},{"taxonomy":"post_tag","embeddable":true,"href":"https:\/\/zonaroja.com.mx\/index.php?rest_route=%2Fwp%2Fv2%2Ftags&post=23925"}],"curies":[{"name":"wp","href":"https:\/\/api.w.org\/{rel}","templated":true}]}}