{"id":23928,"date":"2021-02-22T19:31:43","date_gmt":"2021-02-23T01:31:43","guid":{"rendered":"http:\/\/www.zonaroja.com.mx\/?p=23928"},"modified":"2021-02-22T19:40:51","modified_gmt":"2021-02-23T01:40:51","slug":"denuncian-probable-negligencia-medica-en-hospital-de-salina-cruz","status":"publish","type":"post","link":"https:\/\/zonaroja.com.mx\/?p=23928","title":{"rendered":"Denuncian probable negligencia m\u00e9dica en hospital de Salina Cruz"},"content":{"rendered":"\n<p>Evlin Arag\u00f3n\/Zona Roja.<\/p>\n\n\n\n<p>Oaxaca de Ju\u00e1rez, Oax., 22 de febrero de 2021.- \u201cYa dejan morir mujeres embarazadas en este hospital de especialidades de Salina Cruz. Exigimos justicia a estos m\u00e9dicos irresponsables. Secretario de Salud estatal, secretario de Salud nacional, queremos justicia\u201d.<\/p>\n\n\n\n<p>Son las palabras escritas en una pancarta sostenida por Facundo Mart\u00ednez Flores, quien a las afueras del Hospital de Especialidades de Salina Cruz, denunciaba la presunta negligencia m\u00e9dica que estuvo a punto de arrebatarle la vida a su hija, quien hab\u00eda ingresado por trabajo de parto.&nbsp;<\/p>\n\n\n\n<p>De acuerdo con el denunciante, su hija lleg\u00f3 al nosocomio alrededor de las siete de la ma\u00f1ana del d\u00eda s\u00e1bado, sin embargo, diez horas despu\u00e9s les hicieron de conocimiento que no contaban con el personal especializado para atender a la mujer que se encontraba ya delicada de salud.&nbsp;<\/p>\n\n\n\n<p>\u201cDespu\u00e9s de cinco horas nos informan que se har\u00e1 la ces\u00e1rea la cual autorizamos para no perder al beb\u00e9. Cinco o seis horas despu\u00e9s, casi a las 11 la noche no dicen que la cirug\u00eda no se podr\u00e1 realizar debido a que no hay medico Ginec\u00f3logo, tampoco Anestesi\u00f3logo y mucho menos una ambulancia o chofer para el traslado en caso de ser necesario\u201d, relat\u00f3 el padre de familia.&nbsp;<\/p>\n\n\n\n<p>Explic\u00f3 que, aunque el hospital no contaba con el personal y equipo necesario, todav\u00eda tardaron tres horas m\u00e1s para permitir a la familia llevarse a la mujer a recibir atenci\u00f3n particular, lo que puso en riesgo su vida y la del beb\u00e9 que estuvo a punto de morir.<\/p>\n\n\n\n<figure class=\"wp-block-embed-twitter wp-block-embed is-type-rich is-provider-twitter\"><div class=\"wp-block-embed__wrapper\">\n<div class=\"twitter-tweet\"><blockquote class=\"twitter-tweet\" data-lang=\"es\"><p lang=\"es\" dir=\"ltr\">(1) Este domingo, una familia report\u00f3 una probable negligencia m\u00e9dica en el Hospital de Especialidades ubicado en Salina Cruz, dependiente de los Servicios de Salud de Oaxaca.<br><br>Video de Carlos V. Dom\u00ednguez <a href=\"https:\/\/t.co\/oP6BcVtjtb\">pic.twitter.com\/oP6BcVtjtb<\/a><\/p>&mdash; Zona Roja Oaxaca (@Zona_Roja_Oax) <a href=\"https:\/\/twitter.com\/Zona_Roja_Oax\/status\/1363869473967665155?ref_src=twsrc%5Etfw\">22 de febrero de 2021<\/a><\/blockquote><\/div>\n<\/div><\/figure>\n\n\n\n<p>\u201cNo hay la atenci\u00f3n adecuada, hay m\u00e9dicos incompetentes que no est\u00e1n capacitados. A las dos de la ma\u00f1ana sacamos a mi hija y la trasladamos a una cl\u00ednica particular en donde si le practicaron la cirug\u00eda. Ah\u00ed nos dijeron que med\u00eda hora m\u00e1s tarde y el beb\u00e9 habr\u00eda fallecido\u201d, indic\u00f3.&nbsp;&nbsp;<\/p>\n\n\n\n<p>Por lo anterior decidi\u00f3 hacer p\u00fablica la situaci\u00f3n y exigir la intervenci\u00f3n por parte de las autoridades en materia de salud, a nivel estatal y federal, incluso pidi\u00f3 al residente de la Rep\u00fablica, Andr\u00e9s Manuel L\u00f3pez Obrador tomar cartas en el asunto a fin de sancionar al personal irresponsable al interior del nosocomio.<\/p>\n\n\n\n<p>Explic\u00f3 que no es posible que se argumente que, por ser fin de semana, el hospital no se encontraba en condiciones de atender una emergencia. Ni el m\u00e9dico de guardia, ni el director del nosocomio quiso hablar con la familia para dar una explicaci\u00f3n de la situaci\u00f3n.&nbsp;<\/p>\n\n\n\n<p>\u201cQueremos que se haga justicia para esos m\u00e9dicos, si quieren trabajar que hagan su trabajo como debe ser. Que no dejen a las mujeres embarazadas a la deriva. No se vale lo que le hicieron a mi hija, es un p\u00e9simo servicio el que nos brindaron\u201d, sentenci\u00f3.<\/p>\n\n\n\n<figure class=\"wp-block-embed-twitter wp-block-embed is-type-rich is-provider-twitter\"><div class=\"wp-block-embed__wrapper\">\n<div class=\"twitter-tweet\"><blockquote class=\"twitter-tweet\" data-lang=\"es\"><p lang=\"es\" dir=\"ltr\">(2) Facundo Mart\u00ednez Flores inform\u00f3 que el pasado s\u00e1bado ingres\u00f3 su hija por alumbramiento, al hospital de Salina Cruz, pero las autoridades tardaron varias horas en atenderla; cuando autorizaron la ces\u00e1ra, no hab\u00eda ni personal ni equipos.<br>Video de Carlos V. Dom\u00ednguez <a href=\"https:\/\/t.co\/BoUBosbBNo\">pic.twitter.com\/BoUBosbBNo<\/a><\/p>&mdash; Zona Roja Oaxaca (@Zona_Roja_Oax) <a href=\"https:\/\/twitter.com\/Zona_Roja_Oax\/status\/1364023560969195524?ref_src=twsrc%5Etfw\">23 de febrero de 2021<\/a><\/blockquote><\/div>\n<\/div><\/figure>\n","protected":false},"excerpt":{"rendered":"<p>Evlin Arag\u00f3n\/Zona Roja. Oaxaca de Ju\u00e1rez, Oax., 22 de febrero de 2021.- \u201cYa dejan morir&hellip;<\/p>\n","protected":false},"author":2,"featured_media":8934,"comment_status":"closed","ping_status":"open","sticky":false,"template":"","format":"standard","meta":{"_lmt_disableupdate":"","_lmt_disable":"","_jetpack_memberships_contains_paid_content":false,"footnotes":""},"categories":[109,47],"tags":[1005],"class_list":["post-23928","post","type-post","status-publish","format-standard","has-post-thumbnail","hentry","category-minuto-a-minuto","category-zona-gris","tag-servicios-de-salud-de-oaxaca-sso"],"jetpack_featured_media_url":"https:\/\/zonaroja.com.mx\/wp-content\/uploads\/2020\/02\/Hospital-Salina-Cruz.jpg","jetpack_sharing_enabled":true,"_links":{"self":[{"href":"https:\/\/zonaroja.com.mx\/index.php?rest_route=\/wp\/v2\/posts\/23928","targetHints":{"allow":["GET"]}}],"collection":[{"href":"https:\/\/zonaroja.com.mx\/index.php?rest_route=\/wp\/v2\/posts"}],"about":[{"href":"https:\/\/zonaroja.com.mx\/index.php?rest_route=\/wp\/v2\/types\/post"}],"author":[{"embeddable":true,"href":"https:\/\/zonaroja.com.mx\/index.php?rest_route=\/wp\/v2\/users\/2"}],"replies":[{"embeddable":true,"href":"https:\/\/zonaroja.com.mx\/index.php?rest_route=%2Fwp%2Fv2%2Fcomments&post=23928"}],"version-history":[{"count":2,"href":"https:\/\/zonaroja.com.mx\/index.php?rest_route=\/wp\/v2\/posts\/23928\/revisions"}],"predecessor-version":[{"id":23930,"href":"https:\/\/zonaroja.com.mx\/index.php?rest_route=\/wp\/v2\/posts\/23928\/revisions\/23930"}],"wp:featuredmedia":[{"embeddable":true,"href":"https:\/\/zonaroja.com.mx\/index.php?rest_route=\/wp\/v2\/media\/8934"}],"wp:attachment":[{"href":"https:\/\/zonaroja.com.mx\/index.php?rest_route=%2Fwp%2Fv2%2Fmedia&parent=23928"}],"wp:term":[{"taxonomy":"category","embeddable":true,"href":"https:\/\/zonaroja.com.mx\/index.php?rest_route=%2Fwp%2Fv2%2Fcategories&post=23928"},{"taxonomy":"post_tag","embeddable":true,"href":"https:\/\/zonaroja.com.mx\/index.php?rest_route=%2Fwp%2Fv2%2Ftags&post=23928"}],"curies":[{"name":"wp","href":"https:\/\/api.w.org\/{rel}","templated":true}]}}