{"id":23931,"date":"2021-02-22T21:38:43","date_gmt":"2021-02-23T03:38:43","guid":{"rendered":"http:\/\/www.zonaroja.com.mx\/?p=23931"},"modified":"2021-02-22T21:38:49","modified_gmt":"2021-02-23T03:38:49","slug":"caravana-triqui-de-multi-se-dirige-a-cdmx-siguen-violencia-en-la-zona","status":"publish","type":"post","link":"https:\/\/zonaroja.com.mx\/?p=23931","title":{"rendered":"Caravana triqui de MULTI se dirige a Cdmx; siguen violencia en la zona"},"content":{"rendered":"\n<p>Yuridiana Sosa\/Zona Roja.<\/p>\n\n\n\n<p>Oaxaca de Ju\u00e1rez, Oax., 22 de febrero de 202.- V\u00edctimas de desplazamiento forzado de las comunidades de Tierra Blanca Copala, San Juan Copala y San Miguel Copala, de la zona triqui de la Mixteca de Oaxaca, se dirigen en caravana a la Ciudad de M\u00e9xico, para exigir atenci\u00f3n del Presidente Andr\u00e9s Manuel L\u00f3pez Obrador.<\/p>\n\n\n\n<p>Este lunes partieron de Yosoyuxi Copala, con escala en Huajuapan de Le\u00f3n, y prev\u00e9n llegar a la capital del pa\u00eds el mi\u00e9rcoles, a Palacio Nacional, con la finalidad de que el mandatario federal los escuche y reciba a las v\u00edctimas de desplazamiento.<\/p>\n\n\n\n<p>\u201cRetorno seguro, justicia seguridad y libertad de presos pol\u00edticos salieron\u201d, manifiestan las comunidades afectadas, respaldadas por el Movimiento de Unificaci\u00f3n y Lucha Triqui Independiente (MULTI).<\/p>\n\n\n\n<p>Pues la poblaci\u00f3n adherida al Movimiento de Unificaci\u00f3n y Lucha Triqui (MULT) se han opuesto al ingreso de la Guardia Nacional a Tierra Blanca Copala de Santiago Juxtlahuaca, lo que impide que avance el proceso de pacificaci\u00f3n que ha planteado la Subsecretar\u00eda de Derechos Humanos de la Secretar\u00eda de Gobernaci\u00f3n.<\/p>\n\n\n\n<p>M\u00c1S ATAQUES<\/p>\n\n\n\n<p>Por otra parte, habitantes de las comunidades de Llano Grande Copala, de la zona Triqui, acusaron que el MULT volvi\u00f3 a atacar, ahora en su poblaci\u00f3n y reportaron la desaparici\u00f3n de dos mujeres, una es menor de 17 a\u00f1os.<\/p>\n\n\n\n<p>De acuerdo a la denuncia, el MULT embosc\u00f3 una camioneta en la que circulaba la familia de un l\u00edder social en Llano Ju\u00e1rez Copala, pero de la oposici\u00f3n de esta organizaci\u00f3n. La mujer desaparecida fue identificada como Gregoria Ram\u00edrez y su hija, Mar\u00eda Ram\u00edrez Ram\u00edrez.<\/p>\n\n\n\n<p>Las comunidades tienen miedo y demandan seguridad del Gobierno del Estado para evitar mayores da\u00f1os.<\/p>\n\n\n\n<p>Detallaron que la agresi\u00f3n pudo deberse a un acto de represi\u00f3n, pues hace aproximadamente dos meses el MULT convoc\u00f3 a una asamblea en Paso de \u00c1guila para que se sumaran a su organizaci\u00f3n, pero ellos no asistieron.<\/p>\n","protected":false},"excerpt":{"rendered":"<p>Yuridiana Sosa\/Zona Roja. Oaxaca de Ju\u00e1rez, Oax., 22 de febrero de 202.- V\u00edctimas de desplazamiento&hellip;<\/p>\n","protected":false},"author":2,"featured_media":23932,"comment_status":"closed","ping_status":"open","sticky":false,"template":"","format":"standard","meta":{"_lmt_disableupdate":"","_lmt_disable":"","_jetpack_memberships_contains_paid_content":false,"footnotes":""},"categories":[109,47],"tags":[1712],"class_list":["post-23931","post","type-post","status-publish","format-standard","has-post-thumbnail","hentry","category-minuto-a-minuto","category-zona-gris","tag-tierra-blanca-copala"],"jetpack_featured_media_url":"https:\/\/zonaroja.com.mx\/wp-content\/uploads\/2021\/02\/Triquis-caravana.png","jetpack_sharing_enabled":true,"_links":{"self":[{"href":"https:\/\/zonaroja.com.mx\/index.php?rest_route=\/wp\/v2\/posts\/23931","targetHints":{"allow":["GET"]}}],"collection":[{"href":"https:\/\/zonaroja.com.mx\/index.php?rest_route=\/wp\/v2\/posts"}],"about":[{"href":"https:\/\/zonaroja.com.mx\/index.php?rest_route=\/wp\/v2\/types\/post"}],"author":[{"embeddable":true,"href":"https:\/\/zonaroja.com.mx\/index.php?rest_route=\/wp\/v2\/users\/2"}],"replies":[{"embeddable":true,"href":"https:\/\/zonaroja.com.mx\/index.php?rest_route=%2Fwp%2Fv2%2Fcomments&post=23931"}],"version-history":[{"count":1,"href":"https:\/\/zonaroja.com.mx\/index.php?rest_route=\/wp\/v2\/posts\/23931\/revisions"}],"predecessor-version":[{"id":23933,"href":"https:\/\/zonaroja.com.mx\/index.php?rest_route=\/wp\/v2\/posts\/23931\/revisions\/23933"}],"wp:featuredmedia":[{"embeddable":true,"href":"https:\/\/zonaroja.com.mx\/index.php?rest_route=\/wp\/v2\/media\/23932"}],"wp:attachment":[{"href":"https:\/\/zonaroja.com.mx\/index.php?rest_route=%2Fwp%2Fv2%2Fmedia&parent=23931"}],"wp:term":[{"taxonomy":"category","embeddable":true,"href":"https:\/\/zonaroja.com.mx\/index.php?rest_route=%2Fwp%2Fv2%2Fcategories&post=23931"},{"taxonomy":"post_tag","embeddable":true,"href":"https:\/\/zonaroja.com.mx\/index.php?rest_route=%2Fwp%2Fv2%2Ftags&post=23931"}],"curies":[{"name":"wp","href":"https:\/\/api.w.org\/{rel}","templated":true}]}}