{"id":23934,"date":"2021-02-22T21:48:50","date_gmt":"2021-02-23T03:48:50","guid":{"rendered":"http:\/\/www.zonaroja.com.mx\/?p=23934"},"modified":"2021-02-22T21:48:54","modified_gmt":"2021-02-23T03:48:54","slug":"identifican-a-ejecutado-en-santa-lucia-del-camino-deploran-creciente-inseguridad","status":"publish","type":"post","link":"https:\/\/zonaroja.com.mx\/?p=23934","title":{"rendered":"Identifican a ejecutado en Santa Luc\u00eda del Camino; deploran creciente inseguridad"},"content":{"rendered":"\n<p>Ismael Garc\u00eda M.\/Zona Roja.<\/p>\n\n\n\n<p>Oaxaca de Ju\u00e1rez, Oax., 22 de febrero de 2021.- Como Juan Jos\u00e9 C. M. fue identificada la persona asesinada a balazos este lunes en jurisdicci\u00f3n de Santa Luc\u00eda del Camino, municipio conurbado a la capital.<\/p>\n\n\n\n<p>De acuerdo con los reportes policiacos, los hechos ocurrieron minutos antes de las 16:00 horas en el estacionamiento del mercado zonal de la colonia Las Flores, en la agencia de Santa Mar\u00eda Ixcotel, a un costado de la v\u00eda federal 190.<\/p>\n\n\n\n<p>Sujetos armados dispararon en contra del hoy occiso, donde una segunda persona habr\u00eda resultado lesionada y retirada por sus propios medios.<\/p>\n\n\n\n<p>A falta de vigilancia por parte de la polic\u00eda municipal de Santa Luc\u00eda del Camino, los presuntos delincuentes lograron huir sin problemas.<\/p>\n\n\n\n<p>En el momento de la balacera, en la v\u00eda federal transitaba una camioneta cerrada marca Renault, con placas de circulaci\u00f3n RX-64936, con logotipos del DIF Oaxaca, que result\u00f3 con da\u00f1os en una ventanilla y el tablero; el chofer result\u00f3 ileso y detuvo metros m\u00e1s adelante su veh\u00edculo.<\/p>\n\n\n\n<p>Presuntamente Juan Jos\u00e9 se dedicaba a la facturaci\u00f3n falsa, por lo cual era investigado por las autoridades ministeriales; adem\u00e1s, seg\u00fan versiones de los vecinos de la zona, tendr\u00eda nexos con grupos delictivos, lo cual es una de las l\u00edneas que indaga la Fiscal\u00eda General del Estado.<\/p>\n\n\n\n<figure class=\"wp-block-embed-twitter wp-block-embed is-type-rich is-provider-twitter\"><div class=\"wp-block-embed__wrapper\">\n<div class=\"twitter-tweet\"><blockquote class=\"twitter-tweet\" data-lang=\"es\"><p lang=\"es\" dir=\"ltr\"><a href=\"https:\/\/twitter.com\/hashtag\/%C3%9AltimoMinuto?src=hash&amp;ref_src=twsrc%5Etfw\">#\u00daltimoMinuto<\/a> <br>Se salv\u00f3 de milagro. Un veh\u00edculo del <a href=\"https:\/\/twitter.com\/DIF_Oaxaca?ref_src=twsrc%5Etfw\">@DIF_Oaxaca<\/a> que pasaba frente al mercado de Las Flores, Ixcotel, Santa Luc\u00eda del Camino, recibi\u00f3 varios impactos de arma de fuego; las balas rompieron una ventanilla y otras dieron en el tablero. <a href=\"https:\/\/t.co\/AxE5klsKrV\">pic.twitter.com\/AxE5klsKrV<\/a><\/p>&mdash; Zona Roja Oaxaca (@Zona_Roja_Oax) <a href=\"https:\/\/twitter.com\/Zona_Roja_Oax\/status\/1363989036549902341?ref_src=twsrc%5Etfw\">22 de febrero de 2021<\/a><\/blockquote><\/div>\n<\/div><\/figure>\n","protected":false},"excerpt":{"rendered":"<p>Ismael Garc\u00eda M.\/Zona Roja. Oaxaca de Ju\u00e1rez, Oax., 22 de febrero de 2021.- Como Juan&hellip;<\/p>\n","protected":false},"author":2,"featured_media":23935,"comment_status":"closed","ping_status":"open","sticky":false,"template":"","format":"standard","meta":{"_lmt_disableupdate":"","_lmt_disable":"","_jetpack_memberships_contains_paid_content":false,"footnotes":""},"categories":[109,51],"tags":[337],"class_list":["post-23934","post","type-post","status-publish","format-standard","has-post-thumbnail","hentry","category-minuto-a-minuto","category-zona-roja","tag-santa-lucia-del-camino"],"jetpack_featured_media_url":"https:\/\/zonaroja.com.mx\/wp-content\/uploads\/2021\/02\/Asesinado-Ixcotel-Santa-Lucia-del-Camino.jpg","jetpack_sharing_enabled":true,"_links":{"self":[{"href":"https:\/\/zonaroja.com.mx\/index.php?rest_route=\/wp\/v2\/posts\/23934","targetHints":{"allow":["GET"]}}],"collection":[{"href":"https:\/\/zonaroja.com.mx\/index.php?rest_route=\/wp\/v2\/posts"}],"about":[{"href":"https:\/\/zonaroja.com.mx\/index.php?rest_route=\/wp\/v2\/types\/post"}],"author":[{"embeddable":true,"href":"https:\/\/zonaroja.com.mx\/index.php?rest_route=\/wp\/v2\/users\/2"}],"replies":[{"embeddable":true,"href":"https:\/\/zonaroja.com.mx\/index.php?rest_route=%2Fwp%2Fv2%2Fcomments&post=23934"}],"version-history":[{"count":1,"href":"https:\/\/zonaroja.com.mx\/index.php?rest_route=\/wp\/v2\/posts\/23934\/revisions"}],"predecessor-version":[{"id":23936,"href":"https:\/\/zonaroja.com.mx\/index.php?rest_route=\/wp\/v2\/posts\/23934\/revisions\/23936"}],"wp:featuredmedia":[{"embeddable":true,"href":"https:\/\/zonaroja.com.mx\/index.php?rest_route=\/wp\/v2\/media\/23935"}],"wp:attachment":[{"href":"https:\/\/zonaroja.com.mx\/index.php?rest_route=%2Fwp%2Fv2%2Fmedia&parent=23934"}],"wp:term":[{"taxonomy":"category","embeddable":true,"href":"https:\/\/zonaroja.com.mx\/index.php?rest_route=%2Fwp%2Fv2%2Fcategories&post=23934"},{"taxonomy":"post_tag","embeddable":true,"href":"https:\/\/zonaroja.com.mx\/index.php?rest_route=%2Fwp%2Fv2%2Ftags&post=23934"}],"curies":[{"name":"wp","href":"https:\/\/api.w.org\/{rel}","templated":true}]}}