{"id":23937,"date":"2021-02-22T22:19:15","date_gmt":"2021-02-23T04:19:15","guid":{"rendered":"http:\/\/www.zonaroja.com.mx\/?p=23937"},"modified":"2021-02-22T22:19:19","modified_gmt":"2021-02-23T04:19:19","slug":"reitera-alejandra-garcia-morlan-que-busca-candidatura-a-alcaldia-de-oaxaca","status":"publish","type":"post","link":"https:\/\/zonaroja.com.mx\/?p=23937","title":{"rendered":"Reitera Alejandra Garc\u00eda Morlan que busca candidatura a alcald\u00eda de Oaxaca"},"content":{"rendered":"\n<p>Redacci\u00f3n\/Zona Roja.<\/p>\n\n\n\n<p>Oaxaca de Ju\u00e1rez, Oax., 22 de febrero de 2021.- \u201cEn los \u00faltimos d\u00edas hubo una conferencia de prensa de tres militantes (del PAN) que salieron a decir que ellos se inclinaban por un tema de la coalici\u00f3n y entiendo que por otro candidato.<\/p>\n\n\n\n<p>\u201cQuiero aclarar y desmentir que yo no declin\u00e9; mi aspiraci\u00f3n sigue m\u00e1s firme que nunca; como militante de Acci\u00f3n Nacional de m\u00e1s de 23 a\u00f1os, sigo con esta aspiraci\u00f3n leg\u00edtima de abanderar la candidatura para la presidencia municipal por el Partido Acci\u00f3n Nacional\u201d.<\/p>\n\n\n\n<p>As\u00ed se expres\u00f3 la ma\u00f1ana de este lunes la diputada federal Alejandra Garc\u00eda Morl\u00e1n, al rechazar que haya desistido de buscar encabezar la primera concejal\u00eda en el municipio de Oaxaca de Ju\u00e1rez.<\/p>\n\n\n\n<p>En entrevista colectiva, se\u00f1al\u00f3 que sus aspiraciones siguen en marcha y m\u00e1s firmes que nunca.<\/p>\n\n\n\n<p>Y en un video que difundi\u00f3 en sus redes sociales, Garc\u00eda Morla llam\u00f3 a la unidad y manifest\u00f3 que no es mediante la guerra sucia, las descalificaciones, las amenazas, la intimidaci\u00f3n o los montajes, como lograr\u00e1n que las mujeres declinen a sus aspiraciones.<\/p>\n\n\n\n<figure class=\"wp-block-embed-twitter wp-block-embed is-type-rich is-provider-twitter\"><div class=\"wp-block-embed__wrapper\">\n<div class=\"twitter-tweet\"><blockquote class=\"twitter-tweet\" data-lang=\"es\"><p lang=\"es\" dir=\"ltr\">La diputada federal por el PAN, <a href=\"https:\/\/twitter.com\/alegarciamorlan?ref_src=twsrc%5Etfw\">@alegarciamorlan<\/a>, reiter\u00f3 hoy en entrevista colectiva que no ha declinado en su aspiraci\u00f3n de buscar la presidencia municipal de Oaxaca de Ju\u00e1rez y se dijo respetuosa de las posturas de panistas disidentes. <a href=\"https:\/\/t.co\/IUXlcjMTAn\">pic.twitter.com\/IUXlcjMTAn<\/a><\/p>&mdash; Zona Roja Oaxaca (@Zona_Roja_Oax) <a href=\"https:\/\/twitter.com\/Zona_Roja_Oax\/status\/1364008404520370181?ref_src=twsrc%5Etfw\">23 de febrero de 2021<\/a><\/blockquote><\/div>\n<\/div><\/figure>\n\n\n\n<p>\u201cM\u00e9xico que necesita de pol\u00edticos de mucha altura, hag\u00e1moslo jugando limpio y con propuestas. M\u00e9xico, Oaxaca y nuestra ciudad lo merecen\u201d, expres\u00f3 la ex diputada local &nbsp;y ex regidora capitalina.<\/p>\n\n\n\n<p>A\u00f1adi\u00f3 que tiene tiene 23 a\u00f1os como militante del PAN y adem\u00e1s cuenta con experiencia para contender por la presidencia municipal de Oaxaca de Ju\u00e1rez, porque ya form\u00f3 parte de un gobierno municipal, fue diputada en el Congreso del Estado y actualmente es diputada en el Congreso federal.<\/p>\n\n\n\n<p>\u201cComo mujer como pol\u00edtica y como militante del PAN estoy absolutamente en mi derecho de buscar ser la abanderada, adem\u00e1s tengo las credenciales, la experiencia, el trabajo y los resultados me respaldan, as\u00ed como todas las personas de todos los sectores de la sociedad que me han manifestado su apoyo\u201d, remarc\u00f3.<\/p>\n\n\n\n<p>Expuso que ser\u00e1 respetuosa a los tiempos marcados por su partido, as\u00ed como de la \u00faltima decisi\u00f3n que tomen en la comisi\u00f3n permanente del PAN.<\/p>\n","protected":false},"excerpt":{"rendered":"<p>Redacci\u00f3n\/Zona Roja. Oaxaca de Ju\u00e1rez, Oax., 22 de febrero de 2021.- \u201cEn los \u00faltimos d\u00edas&hellip;<\/p>\n","protected":false},"author":2,"featured_media":23938,"comment_status":"closed","ping_status":"open","sticky":false,"template":"","format":"standard","meta":{"_lmt_disableupdate":"","_lmt_disable":"","_jetpack_memberships_contains_paid_content":false,"footnotes":""},"categories":[109,46],"tags":[1734],"class_list":["post-23937","post","type-post","status-publish","format-standard","has-post-thumbnail","hentry","category-minuto-a-minuto","category-zona-blanca","tag-alejandra-garcia-morlan"],"jetpack_featured_media_url":"https:\/\/zonaroja.com.mx\/wp-content\/uploads\/2021\/02\/Alejandra-Garcia-Morlan.jpg","jetpack_sharing_enabled":true,"_links":{"self":[{"href":"https:\/\/zonaroja.com.mx\/index.php?rest_route=\/wp\/v2\/posts\/23937","targetHints":{"allow":["GET"]}}],"collection":[{"href":"https:\/\/zonaroja.com.mx\/index.php?rest_route=\/wp\/v2\/posts"}],"about":[{"href":"https:\/\/zonaroja.com.mx\/index.php?rest_route=\/wp\/v2\/types\/post"}],"author":[{"embeddable":true,"href":"https:\/\/zonaroja.com.mx\/index.php?rest_route=\/wp\/v2\/users\/2"}],"replies":[{"embeddable":true,"href":"https:\/\/zonaroja.com.mx\/index.php?rest_route=%2Fwp%2Fv2%2Fcomments&post=23937"}],"version-history":[{"count":1,"href":"https:\/\/zonaroja.com.mx\/index.php?rest_route=\/wp\/v2\/posts\/23937\/revisions"}],"predecessor-version":[{"id":23939,"href":"https:\/\/zonaroja.com.mx\/index.php?rest_route=\/wp\/v2\/posts\/23937\/revisions\/23939"}],"wp:featuredmedia":[{"embeddable":true,"href":"https:\/\/zonaroja.com.mx\/index.php?rest_route=\/wp\/v2\/media\/23938"}],"wp:attachment":[{"href":"https:\/\/zonaroja.com.mx\/index.php?rest_route=%2Fwp%2Fv2%2Fmedia&parent=23937"}],"wp:term":[{"taxonomy":"category","embeddable":true,"href":"https:\/\/zonaroja.com.mx\/index.php?rest_route=%2Fwp%2Fv2%2Fcategories&post=23937"},{"taxonomy":"post_tag","embeddable":true,"href":"https:\/\/zonaroja.com.mx\/index.php?rest_route=%2Fwp%2Fv2%2Ftags&post=23937"}],"curies":[{"name":"wp","href":"https:\/\/api.w.org\/{rel}","templated":true}]}}