{"id":23940,"date":"2021-02-22T22:26:22","date_gmt":"2021-02-23T04:26:22","guid":{"rendered":"http:\/\/www.zonaroja.com.mx\/?p=23940"},"modified":"2021-02-22T22:26:35","modified_gmt":"2021-02-23T04:26:35","slug":"covid-imparable-en-oaxaca-en-fin-de-semana-330-contagiados","status":"publish","type":"post","link":"https:\/\/zonaroja.com.mx\/?p=23940","title":{"rendered":"Covid imparable en Oaxaca; en fin de semana, 330 contagiados"},"content":{"rendered":"\n<p>Redacci\u00f3n\/Zona Roja.<\/p>\n\n\n\n<p>Oaxaca de Ju\u00e1rez, Oax. 22 de febrero de 2021.- Del 20 de febrero a la fecha, Oaxaca contabiliz\u00f3 330 nuevos casos de Covid, con lo que suman 39 mil 626 pacientes que han dado positivos al virus, de 62 mil 030 personas que presentaron s\u00edntomas relacionados al padecimiento.<\/p>\n\n\n\n<p>De acuerdo con un comunicado de los Servicios de Salud, a la fecha se mantienen activos 675 casos, y se reportaron 10 defunciones por la enfermedad respiratoria durante el fin de semana, para acumular dos mil 811 decesos desde que inicio la pandemia en el estado.<\/p>\n\n\n\n<p>Indic\u00f3 que este lunes 22 de febrero, Oaxaca rebas\u00f3 la cifra de los 36 mil recuperados, al llegar a 36 mil 140 las personas dadas de alta m\u00e9dica tras infectarse con el virus SARS-CoV-2.<\/p>\n\n\n\n<p>Expuso que son 77 municipios que mostraron nuevos contagios, principalmente:&nbsp; Oaxaca de Ju\u00e1rez con 101, Heroica Ciudad de Huajuapan de Le\u00f3n con 24, Salina Cruz con 15, San Juan Bautista Tuxtepec con 14, Santa Mar\u00eda Atzompa con 12, por mencionar algunos; y por primera vez el ayuntamiento de La Trinidad Vista Hermosa notific\u00f3 un caso.<\/p>\n\n\n\n<p>Subray\u00f3 que, del 20 al 22 de febrero se hospitalizaron a 26 nuevos pacientes, hay 16 nosocomios con una ocupaci\u00f3n del 100%, por lo que se cuenta con 231 camas disponibles de un total de 602. Valles Centrales present\u00f3 una saturaci\u00f3n del 76.4%, Istmo 53.4%, Mixteca 54.8%, Tuxtepec 45.9%, Costa 41.8% y Sierra 11.8%.<\/p>\n\n\n\n<figure class=\"wp-block-embed-twitter wp-block-embed is-type-rich is-provider-twitter\"><div class=\"wp-block-embed__wrapper\">\n<div class=\"twitter-tweet\"><blockquote class=\"twitter-tweet\" data-lang=\"es\"><p lang=\"es\" dir=\"ltr\"><a href=\"https:\/\/twitter.com\/hashtag\/%C3%9AltimoMinuto?src=hash&amp;ref_src=twsrc%5Etfw\">#\u00daltimoMinuto<\/a><br>En <a href=\"https:\/\/twitter.com\/hashtag\/Oaxaca?src=hash&amp;ref_src=twsrc%5Etfw\">#Oaxaca<\/a>, los Servicios de Salud reportaron este lunes 80 casos positivos a Covid, para una suma de 39 mil 626 casos confirmados (en fin de semana fueron 330 contagios); adem\u00e1s, 10 fallecimientos, que dan un total de dos mil 811 decesos.<a href=\"https:\/\/twitter.com\/hashtag\/Qu%C3%A9dateEnCasa?src=hash&amp;ref_src=twsrc%5Etfw\">#Qu\u00e9dateEnCasa<\/a> <a href=\"https:\/\/t.co\/HqZXlyCBXl\">pic.twitter.com\/HqZXlyCBXl<\/a><\/p>&mdash; Zona Roja Oaxaca (@Zona_Roja_Oax) <a href=\"https:\/\/twitter.com\/Zona_Roja_Oax\/status\/1364038248687833091?ref_src=twsrc%5Etfw\">23 de febrero de 2021<\/a><\/blockquote><\/div>\n<\/div><\/figure>\n\n\n\n<p>Resalt\u00f3 que la Jurisdicci\u00f3n Sanitaria de Valles Centrales, report\u00f3 27 mil 364 confirmados y mil 504 decesos; Istmo tres mil 272 y 453 muertes; Mixteca tres mil 241 y 259 defunciones; Tuxtepec dos mil 423 y 305 fallecimientos; Costa mil 949 y 180 p\u00e9rdidas fatales; Sierra mil 377, de los cuales 110 fallecieron.<\/p>\n\n\n\n<p>Respecto a los Eventos Supuestamente Atribuibles a la Vacunaci\u00f3n o Inmunizaci\u00f3n (ESAVI) del inmunol\u00f3gico contra el COVID-19, al corte del 20 de febrero se notificaron 346 casos, de esta cifra 289 corresponden a la primera dosis y 57 a la segunda.<\/p>\n\n\n\n<p>De dicho total, cuatro son graves: tres pacientes del sexo femenino de 35 y 56 a\u00f1os, que ya fueron dadas de alta m\u00e9dica y una de 26 a\u00f1os, quien se encuentra hospitalizada por presentar edema pulmonar; as\u00ed como un hombre de 26 a\u00f1os con neumon\u00eda.<\/p>\n","protected":false},"excerpt":{"rendered":"<p>Redacci\u00f3n\/Zona Roja. Oaxaca de Ju\u00e1rez, Oax. 22 de febrero de 2021.- Del 20 de febrero&hellip;<\/p>\n","protected":false},"author":2,"featured_media":23941,"comment_status":"closed","ping_status":"open","sticky":false,"template":"","format":"standard","meta":{"_lmt_disableupdate":"","_lmt_disable":"","_jetpack_memberships_contains_paid_content":false,"footnotes":""},"categories":[109,47],"tags":[1512],"class_list":["post-23940","post","type-post","status-publish","format-standard","has-post-thumbnail","hentry","category-minuto-a-minuto","category-zona-gris","tag-coronavirus-oaxaca"],"jetpack_featured_media_url":"https:\/\/zonaroja.com.mx\/wp-content\/uploads\/2021\/02\/SSO-2.jpeg","jetpack_sharing_enabled":true,"_links":{"self":[{"href":"https:\/\/zonaroja.com.mx\/index.php?rest_route=\/wp\/v2\/posts\/23940","targetHints":{"allow":["GET"]}}],"collection":[{"href":"https:\/\/zonaroja.com.mx\/index.php?rest_route=\/wp\/v2\/posts"}],"about":[{"href":"https:\/\/zonaroja.com.mx\/index.php?rest_route=\/wp\/v2\/types\/post"}],"author":[{"embeddable":true,"href":"https:\/\/zonaroja.com.mx\/index.php?rest_route=\/wp\/v2\/users\/2"}],"replies":[{"embeddable":true,"href":"https:\/\/zonaroja.com.mx\/index.php?rest_route=%2Fwp%2Fv2%2Fcomments&post=23940"}],"version-history":[{"count":1,"href":"https:\/\/zonaroja.com.mx\/index.php?rest_route=\/wp\/v2\/posts\/23940\/revisions"}],"predecessor-version":[{"id":23942,"href":"https:\/\/zonaroja.com.mx\/index.php?rest_route=\/wp\/v2\/posts\/23940\/revisions\/23942"}],"wp:featuredmedia":[{"embeddable":true,"href":"https:\/\/zonaroja.com.mx\/index.php?rest_route=\/wp\/v2\/media\/23941"}],"wp:attachment":[{"href":"https:\/\/zonaroja.com.mx\/index.php?rest_route=%2Fwp%2Fv2%2Fmedia&parent=23940"}],"wp:term":[{"taxonomy":"category","embeddable":true,"href":"https:\/\/zonaroja.com.mx\/index.php?rest_route=%2Fwp%2Fv2%2Fcategories&post=23940"},{"taxonomy":"post_tag","embeddable":true,"href":"https:\/\/zonaroja.com.mx\/index.php?rest_route=%2Fwp%2Fv2%2Ftags&post=23940"}],"curies":[{"name":"wp","href":"https:\/\/api.w.org\/{rel}","templated":true}]}}