{"id":23946,"date":"2021-02-23T07:33:49","date_gmt":"2021-02-23T13:33:49","guid":{"rendered":"http:\/\/www.zonaroja.com.mx\/?p=23946"},"modified":"2021-02-23T07:33:52","modified_gmt":"2021-02-23T13:33:52","slug":"tenor-oaxaqueno-en-semifinal-de-concurso-internacional-declina-por-irregularidades","status":"publish","type":"post","link":"https:\/\/zonaroja.com.mx\/?p=23946","title":{"rendered":"Tenor oaxaque\u00f1o en semifinal de concurso internacional, declina por irregularidades"},"content":{"rendered":"\n<p>Evlin Arag\u00f3n\/Zona Roja.<\/p>\n\n\n\n<p>Oaxaca de Ju\u00e1rez, Oax., 23 de febrero de 2021.- Demostrando todo su talento, el tenor oaxaque\u00f1o, Luis Adri\u00e1n, se ubic\u00f3 en la semifinal del \u201cPrimer Concurso Internacional de Canto L\u00edrico de \u00d3pera en Castellano\u201d, que se lleva a cabo de manera virtual, debido a las condiciones sanitarias que a\u00fan aquejan al mundo.<\/p>\n\n\n\n<p>Sin embargo, decidi\u00f3 no seguir adelante en el certamen debido a una serie de irregularidades que se presentaron, toda vez que se permiti\u00f3 la participaci\u00f3n de personas que forman parte del comit\u00e9 organizador, lo cual pone en desventaja a los dem\u00e1s concursantes.<\/p>\n\n\n\n<p>As\u00ed lo expres\u00f3 a trav\u00e9s de sus redes sociales en donde d\u00edas antes ped\u00eda el respaldo de sus seguidores en las votaciones, con la intenci\u00f3n de seguir avanzando en el concurso que denunci\u00f3 como fraude, al favorecer de manera espec\u00edfica al participante de Per\u00fa.&nbsp;<\/p>\n\n\n\n<p>\u201cSi algo tengo es que no me gustan las injusticias, seg\u00fan yo s\u00e9 los concursos serios no dejan que ning\u00fan familiar ni personas que laboran o forman parte del equipo de los concursos o empresas puedan participar en los concursos que organizan por que cuidan precisamente este tipo de fraudes\u201d, dijo.<\/p>\n\n\n\n<p>De acuerdo con el cantante oaxaque\u00f1o, no es la primera vez que se enfrenta a un concurso arreglado, situaci\u00f3n que lamenta pero que asegura no est\u00e1 dispuesto a permitir una vez m\u00e1s, ya que todas y todos los concursantes merecen respeto a su talento y trayectoria.&nbsp;<\/p>\n\n\n\n<p>\u201cYo no pienso dejarme, ya basta de abusos y de concursos comprados, no puedo permitir que sigan abusando de los sue\u00f1os de los artistas, para obtener beneficios propios\u201d, sentenci\u00f3, a la par que reiter\u00f3 su retiro del concurso.&nbsp;<\/p>\n\n\n\n<p>Pese a lo anterior el tenor mantiene su preparaci\u00f3n y prueba de ello es que ser\u00e1 alumno de la diva de la \u00d3pera Pop, Filippa Giordano, luego de resultar seleccionado para una clase privada con la artista<\/p>\n\n\n\n<p>\u201cValoro mucho la oportunidad y estoy seguro que valdr\u00e1 much\u00edsimo la pena escuchar cada ense\u00f1anza de esta cantante maravillosa que sin duda tiene una carrera impresionante, el poder seguir aprendiendo y cultivando mi voz sigue siendo una bendici\u00f3n\u201d, manifest\u00f3 en sus redes sociales.&nbsp;<\/p>\n\n\n\n<p>As\u00ed mismo, mantiene activo su canal de Youtube, en donde el pasado 14 de febrero subi\u00f3 su m\u00e1s reciente cover titulado \u201cT\u00f3mame o d\u00e9jame\u201d, canci\u00f3n original del grupo Mocedades, la cual interpreta al interior del Teatro \u201cMacedonio Alcal\u00e1\u201d, acompa\u00f1ado al piano del maestro Eliseo Mart\u00ednez Garc\u00eda.&nbsp;<\/p>\n","protected":false},"excerpt":{"rendered":"<p>Evlin Arag\u00f3n\/Zona Roja. Oaxaca de Ju\u00e1rez, Oax., 23 de febrero de 2021.- Demostrando todo su&hellip;<\/p>\n","protected":false},"author":2,"featured_media":7350,"comment_status":"closed","ping_status":"open","sticky":false,"template":"","format":"standard","meta":{"_lmt_disableupdate":"","_lmt_disable":"","_jetpack_memberships_contains_paid_content":false,"footnotes":""},"categories":[109,46],"tags":[1233],"class_list":["post-23946","post","type-post","status-publish","format-standard","has-post-thumbnail","hentry","category-minuto-a-minuto","category-zona-blanca","tag-tenor-luis-adrian"],"jetpack_featured_media_url":"https:\/\/zonaroja.com.mx\/wp-content\/uploads\/2020\/01\/Luis-Adri\u00e1n-1.jpg","jetpack_sharing_enabled":true,"_links":{"self":[{"href":"https:\/\/zonaroja.com.mx\/index.php?rest_route=\/wp\/v2\/posts\/23946","targetHints":{"allow":["GET"]}}],"collection":[{"href":"https:\/\/zonaroja.com.mx\/index.php?rest_route=\/wp\/v2\/posts"}],"about":[{"href":"https:\/\/zonaroja.com.mx\/index.php?rest_route=\/wp\/v2\/types\/post"}],"author":[{"embeddable":true,"href":"https:\/\/zonaroja.com.mx\/index.php?rest_route=\/wp\/v2\/users\/2"}],"replies":[{"embeddable":true,"href":"https:\/\/zonaroja.com.mx\/index.php?rest_route=%2Fwp%2Fv2%2Fcomments&post=23946"}],"version-history":[{"count":1,"href":"https:\/\/zonaroja.com.mx\/index.php?rest_route=\/wp\/v2\/posts\/23946\/revisions"}],"predecessor-version":[{"id":23947,"href":"https:\/\/zonaroja.com.mx\/index.php?rest_route=\/wp\/v2\/posts\/23946\/revisions\/23947"}],"wp:featuredmedia":[{"embeddable":true,"href":"https:\/\/zonaroja.com.mx\/index.php?rest_route=\/wp\/v2\/media\/7350"}],"wp:attachment":[{"href":"https:\/\/zonaroja.com.mx\/index.php?rest_route=%2Fwp%2Fv2%2Fmedia&parent=23946"}],"wp:term":[{"taxonomy":"category","embeddable":true,"href":"https:\/\/zonaroja.com.mx\/index.php?rest_route=%2Fwp%2Fv2%2Fcategories&post=23946"},{"taxonomy":"post_tag","embeddable":true,"href":"https:\/\/zonaroja.com.mx\/index.php?rest_route=%2Fwp%2Fv2%2Ftags&post=23946"}],"curies":[{"name":"wp","href":"https:\/\/api.w.org\/{rel}","templated":true}]}}