{"id":23948,"date":"2021-02-23T07:37:38","date_gmt":"2021-02-23T13:37:38","guid":{"rendered":"http:\/\/www.zonaroja.com.mx\/?p=23948"},"modified":"2021-02-23T07:37:41","modified_gmt":"2021-02-23T13:37:41","slug":"celebran-acuerdo-historico-entre-comunidades-indigenas-de-ozolotepec","status":"publish","type":"post","link":"https:\/\/zonaroja.com.mx\/?p=23948","title":{"rendered":"Celebran acuerdo hist\u00f3rico entre comunidades ind\u00edgenas de Ozolotepec"},"content":{"rendered":"\n<p>Evlin Arag\u00f3n\/Zona Roja.<\/p>\n\n\n\n<p>Oaxaca de Ju\u00e1rez, Oax., 23 de febrero de 2021.- Como hist\u00f3rico calificaron el acuerdo que se gener\u00f3, por la v\u00eda del di\u00e1logo, al interior del municipio de San Juan Ozolotepec, perteneciente a la regi\u00f3n Sierra Sur, tras el conflicto que manten\u00eda la cabecera municipal con sus agencias de San Andr\u00e9s Lovene, Santa Catarina Xanagu\u00eda y Santiago Lapagu\u00eda.<\/p>\n\n\n\n<p>Lo anterior sin la intervenci\u00f3n de las autoridades del gobierno de Oaxaca y con el compromiso de los propios habitantes de la demarcaci\u00f3n de resolver sus diferencias mediante el di\u00e1logo y la buena disposici\u00f3n de todas las partes involucradas.&nbsp;<\/p>\n\n\n\n<p>As\u00ed lo dio a conocer el Centro Profesional Ind\u00edgena de Asesor\u00eda, Defensa y Traducci\u00f3n (Cepiadet), cuyos integrantes reconocieron las innumerables reuniones y asambleas que se llevaron a cabo en el ayuntamiento y que dieron como resultado un acuerdo sin precedentes.&nbsp;<\/p>\n\n\n\n<p>\u201cDespu\u00e9s de innumerables reuniones y asambleas, el ayuntamiento San Juan Ozolotepec logr\u00f3 un acuerdo hist\u00f3rico con las comunidades de San Andr\u00e9s Lovene, Santa Catarina Xanagu\u00eda, Santiago Lapagu\u00eda y la cabecera para la distribuci\u00f3n equitativa de los recursos econ\u00f3micos y que \u00e9stos sean administrados directamente\u201d, expuso la organizaci\u00f3n.&nbsp;<\/p>\n\n\n\n<p>Y es que el acuerdo, firmado por todas las autoridades municipales y comunitarias, fue autorizado por las respectivas asambleas, convirti\u00e9ndose en todo un referente en el pa\u00eds, al ser el primero en su tipo.&nbsp;<\/p>\n\n\n\n<p>Dicho pacto incluye la petici\u00f3n formal ante la Sala de Justicia Ind\u00edgena del Tribunal Superior de Justicia de Oaxaca (TSJO) para que el convenio firmado por las autoridades municipales y comunitarias sea ratificado por las autoridades estatales y elevado a categor\u00eda de sentencia.<\/p>\n\n\n\n<p>Lo anterior a fin de que, de manera legal, puedan generar los v\u00ednculos respectivos con la Secretar\u00eda de Finanzas del Estado de Oaxaca y el \u00d3rgano Superior de Fiscalizaci\u00f3n del Estado de Oaxaca, para la entrega directa de los recursos p\u00fablicos a cada una de las comunidades.&nbsp;<\/p>\n\n\n\n<p>Finalmente, Cepiadet destac\u00f3 la participaci\u00f3n de la abogada Sandra P\u00e9rez Cruz y de su compa\u00f1ero Gerardo Mart\u00ednez Ortega, quienes colaboraron con las autoridades municipales y comunitarias.&nbsp;<\/p>\n\n\n\n<p>De acuerdo con fuentes hemerogr\u00e1ficas, el conflicto tiene antecedentes desde el 2013 que la Defensor\u00eda de los Derechos Humanos del Pueblo de Oaxaca (DDHPO), emiti\u00f3 una Alerta Temprana dirigida a autoridades estatales y municipales ante la problem\u00e1tica que exist\u00eda en la poblaci\u00f3n de San Juan Ozolotepec, Miahuatl\u00e1n, motivada por el conflicto pol\u00edtico con sus tres agencias San Andr\u00e9s Lovene, Santa Catarina Xanagu\u00eda y Santiago Lapagu\u00eda.<\/p>\n","protected":false},"excerpt":{"rendered":"<p>Evlin Arag\u00f3n\/Zona Roja. Oaxaca de Ju\u00e1rez, Oax., 23 de febrero de 2021.- Como hist\u00f3rico calificaron&hellip;<\/p>\n","protected":false},"author":2,"featured_media":14448,"comment_status":"closed","ping_status":"open","sticky":false,"template":"","format":"standard","meta":{"_lmt_disableupdate":"","_lmt_disable":"","_jetpack_memberships_contains_paid_content":false,"footnotes":""},"categories":[109,46],"tags":[1788],"class_list":["post-23948","post","type-post","status-publish","format-standard","has-post-thumbnail","hentry","category-minuto-a-minuto","category-zona-blanca","tag-san-juan-ozolotepec"],"jetpack_featured_media_url":"https:\/\/zonaroja.com.mx\/wp-content\/uploads\/2020\/06\/San-Juan-Ozolotepec-2-Humberto-Cruz.jpg","jetpack_sharing_enabled":true,"_links":{"self":[{"href":"https:\/\/zonaroja.com.mx\/index.php?rest_route=\/wp\/v2\/posts\/23948","targetHints":{"allow":["GET"]}}],"collection":[{"href":"https:\/\/zonaroja.com.mx\/index.php?rest_route=\/wp\/v2\/posts"}],"about":[{"href":"https:\/\/zonaroja.com.mx\/index.php?rest_route=\/wp\/v2\/types\/post"}],"author":[{"embeddable":true,"href":"https:\/\/zonaroja.com.mx\/index.php?rest_route=\/wp\/v2\/users\/2"}],"replies":[{"embeddable":true,"href":"https:\/\/zonaroja.com.mx\/index.php?rest_route=%2Fwp%2Fv2%2Fcomments&post=23948"}],"version-history":[{"count":1,"href":"https:\/\/zonaroja.com.mx\/index.php?rest_route=\/wp\/v2\/posts\/23948\/revisions"}],"predecessor-version":[{"id":23949,"href":"https:\/\/zonaroja.com.mx\/index.php?rest_route=\/wp\/v2\/posts\/23948\/revisions\/23949"}],"wp:featuredmedia":[{"embeddable":true,"href":"https:\/\/zonaroja.com.mx\/index.php?rest_route=\/wp\/v2\/media\/14448"}],"wp:attachment":[{"href":"https:\/\/zonaroja.com.mx\/index.php?rest_route=%2Fwp%2Fv2%2Fmedia&parent=23948"}],"wp:term":[{"taxonomy":"category","embeddable":true,"href":"https:\/\/zonaroja.com.mx\/index.php?rest_route=%2Fwp%2Fv2%2Fcategories&post=23948"},{"taxonomy":"post_tag","embeddable":true,"href":"https:\/\/zonaroja.com.mx\/index.php?rest_route=%2Fwp%2Fv2%2Ftags&post=23948"}],"curies":[{"name":"wp","href":"https:\/\/api.w.org\/{rel}","templated":true}]}}