{"id":2395,"date":"2019-07-20T15:06:35","date_gmt":"2019-07-20T20:06:35","guid":{"rendered":"http:\/\/www.zonaroja.com.mx\/?p=2395"},"modified":"2019-07-20T15:06:38","modified_gmt":"2019-07-20T20:06:38","slug":"inician-las-fiestas-de-la-guelaguetza-de-oaxaca-en-medio-de-protestas","status":"publish","type":"post","link":"https:\/\/zonaroja.com.mx\/?p=2395","title":{"rendered":"Inician las fiestas de la Guelaguetza de Oaxaca\u2026 en medio de protestas"},"content":{"rendered":"\n<p>Redacci\u00f3n<\/p>\n\n\n\n<p>Oaxaca de Ju\u00e1rez, Oax., 20 de julio de 2019.- Las\nactividades formales de las fiestas de la Guelaguetza iniciaron este s\u00e1bado con\nal menos tres protestas sociales, en la capital y zona conurbada.<\/p>\n\n\n\n<p>Alrededor del mediod\u00eda, un grupo de pobladores de \u00c1nimas\nTrujano, municipio ubicado al sur de la capital, instal\u00f3 un bloqueo en la\ncarretera federal 175, Oaxaca-Puerto \u00c1ngel, misma que conduce al aeropuerto\ninternacional.<\/p>\n\n\n\n<p>Los inconformes piden la intervenci\u00f3n de las autoridades\nestatales y federales por un conflicto que enfrentan los ejidatarios con sus\nvecinos de Santa Cruz Xoxocotl\u00e1n.<\/p>\n\n\n\n<p>Por la ma\u00f1ana, un grupo de deportistas paral\u00edmpicos\ninternacionales reinici\u00f3 su plant\u00f3n en la explanada de la iglesia de Santo\nDomingo de Guzm\u00e1n, ubicada en el Centro Hist\u00f3rico de Oaxaca,&nbsp; para exigir el pago de becas que tienen\npendientes desde hace tres a\u00f1os. <\/p>\n\n\n\n<p>As\u00ed lo dio a conocer Jos\u00e9 Manuel R\u00edos Casas, presidente de\nmedallistas de Oaxaca, quien asegur\u00f3 que han pasado tres a\u00f1os del decreto de\nley que obliga a las autoridades a realizar el pago de becas, sin embargo el\nfuncionariado p\u00fablico&nbsp; ha hecho o\u00eddos\nsordos al respecto. <\/p>\n\n\n\n<p>Responsabiliz\u00f3 al Gobernador del Estado, Alejandro Murat\nHinojosa; el actual senador, Ra\u00fal Bola\u00f1os Cacho Cu\u00e9, y la titular de la\nComisi\u00f3n de Cultura F\u00edsica y Deporte, Monserrat Arag\u00f3n Heinze, de violentar sus\nderechos como deportistas y personas al ignorar el decreto que les da la raz\u00f3n\nen su exigencia. <\/p>\n\n\n\n<p>\u201cVamos a seguir en esta luchar para ver hasta cuando las autoridades de gobierno muestran voluntad pol\u00edtica y resuelven a favor de los atletas que dan la cara por Oaxaca\u201d, dijo.<\/p>\n\n\n\n<figure class=\"wp-block-embed-twitter wp-block-embed is-type-rich is-provider-twitter\"><div class=\"wp-block-embed__wrapper\">\n<div class=\"twitter-tweet\"><blockquote class=\"twitter-tweet\" data-lang=\"es\"><p lang=\"es\" dir=\"ltr\"><a href=\"https:\/\/twitter.com\/hashtag\/OaxacaGris?src=hash&amp;ref_src=twsrc%5Etfw\">#OaxacaGris<\/a><br>En plenas fiestas de la <a href=\"https:\/\/twitter.com\/hashtag\/Guelaguetza2019?src=hash&amp;ref_src=twsrc%5Etfw\">#Guelaguetza2019<\/a>, no cesan las protestas en Oaxaca; en el atrio del templo de Santo Domingo de Guzm\u00e1n, en la capital, un grupo de deportistas paral\u00edmpicos se manifest\u00f3 con \u201cplant\u00f3n\u201d. <a href=\"https:\/\/t.co\/yAXtl9Xydj\">pic.twitter.com\/yAXtl9Xydj<\/a><\/p>&mdash; Zona Roja Oaxaca (@MexRoja) <a href=\"https:\/\/twitter.com\/MexRoja\/status\/1152667055247822848?ref_src=twsrc%5Etfw\">20 de julio de 2019<\/a><\/blockquote><\/div>\n<\/div><\/figure>\n\n\n\n<p>En este sentido, explic\u00f3 que se trata de 23 deportistas\ninternacionales que se han manifestado en incontables ocasiones para exigir lo\nque aseguran por ley les corresponde y cuyo monto actual es entre siete y ocho\nmillones de pesos. <\/p>\n\n\n\n<p>A la par que detall\u00f3 que la \u00faltima minuta de acuerdo con las\nautoridades estatales se firm\u00f3 hace ocho meses y establece que les pagar\u00edan el\nretroactivo, lo cual no ha sucedido. <\/p>\n\n\n\n<p>Finalmente puntualiz\u00f3 que ante la decid\u00eda de las autoridades\ndecidieron volver a manifestarse por tiempo indefinido, incluso podr\u00edan hacerlo\nen el marco de las festividades de los Lunes del Cerro. Cerca del mediod\u00eda se\nretiraron de la zona.<\/p>\n\n\n\n<p>Por otra parte, un grupo de militantes de la organizaci\u00f3n\nAntorcha Campesina, se apoder\u00f3 de la caseta de peaje de la supercarretera\nOaxaca-Cuacnopalan, en inmediaciones de San Pablo Huitzo, para cobrar cuotas y\na la vez exigir atenci\u00f3n a sus demandas de obras y apoyos educativos, que han\nplanteado y exigido desde hace m\u00e1s de un mes.<\/p>\n","protected":false},"excerpt":{"rendered":"<p>Redacci\u00f3n Oaxaca de Ju\u00e1rez, Oax., 20 de julio de 2019.- Las actividades formales de las&hellip;<\/p>\n","protected":false},"author":2,"featured_media":2396,"comment_status":"closed","ping_status":"open","sticky":false,"template":"","format":"standard","meta":{"_lmt_disableupdate":"","_lmt_disable":"","_jetpack_memberships_contains_paid_content":false,"footnotes":""},"categories":[109,47],"tags":[372],"class_list":["post-2395","post","type-post","status-publish","format-standard","has-post-thumbnail","hentry","category-minuto-a-minuto","category-zona-gris","tag-protestas-oaxaca-en-inicio-de-fiestas-de-la-guelaguetza"],"jetpack_featured_media_url":"https:\/\/zonaroja.com.mx\/wp-content\/uploads\/2019\/07\/fe35976c-eac7-4565-93b8-c5dfc12d85e1.jpg","jetpack_sharing_enabled":true,"_links":{"self":[{"href":"https:\/\/zonaroja.com.mx\/index.php?rest_route=\/wp\/v2\/posts\/2395","targetHints":{"allow":["GET"]}}],"collection":[{"href":"https:\/\/zonaroja.com.mx\/index.php?rest_route=\/wp\/v2\/posts"}],"about":[{"href":"https:\/\/zonaroja.com.mx\/index.php?rest_route=\/wp\/v2\/types\/post"}],"author":[{"embeddable":true,"href":"https:\/\/zonaroja.com.mx\/index.php?rest_route=\/wp\/v2\/users\/2"}],"replies":[{"embeddable":true,"href":"https:\/\/zonaroja.com.mx\/index.php?rest_route=%2Fwp%2Fv2%2Fcomments&post=2395"}],"version-history":[{"count":1,"href":"https:\/\/zonaroja.com.mx\/index.php?rest_route=\/wp\/v2\/posts\/2395\/revisions"}],"predecessor-version":[{"id":2397,"href":"https:\/\/zonaroja.com.mx\/index.php?rest_route=\/wp\/v2\/posts\/2395\/revisions\/2397"}],"wp:featuredmedia":[{"embeddable":true,"href":"https:\/\/zonaroja.com.mx\/index.php?rest_route=\/wp\/v2\/media\/2396"}],"wp:attachment":[{"href":"https:\/\/zonaroja.com.mx\/index.php?rest_route=%2Fwp%2Fv2%2Fmedia&parent=2395"}],"wp:term":[{"taxonomy":"category","embeddable":true,"href":"https:\/\/zonaroja.com.mx\/index.php?rest_route=%2Fwp%2Fv2%2Fcategories&post=2395"},{"taxonomy":"post_tag","embeddable":true,"href":"https:\/\/zonaroja.com.mx\/index.php?rest_route=%2Fwp%2Fv2%2Ftags&post=2395"}],"curies":[{"name":"wp","href":"https:\/\/api.w.org\/{rel}","templated":true}]}}