{"id":23950,"date":"2021-02-23T07:52:03","date_gmt":"2021-02-23T13:52:03","guid":{"rendered":"http:\/\/www.zonaroja.com.mx\/?p=23950"},"modified":"2021-02-23T07:52:08","modified_gmt":"2021-02-23T13:52:08","slug":"conjuran-dos-sindicatos-de-la-uabjo-sus-respectivas-huelgas","status":"publish","type":"post","link":"https:\/\/zonaroja.com.mx\/?p=23950","title":{"rendered":"Conjuran dos sindicatos de la UABJO sus respectivas huelgas"},"content":{"rendered":"\n<p>Redacci\u00f3n\/Zona Roja.<\/p>\n\n\n\n<p>Oaxaca de Ju\u00e1rez, Oax., 23 de febrero de 2021.- Dos sindicatos de la Universidad Aut\u00f3noma \u201cBenito Ju\u00e1rez\u201d de Oaxaca (UABJO) conjuraron anoche sus respectivas huelgas.<\/p>\n\n\n\n<p>Se trata del Sindicato de Trabajadores y Empleados (STEUABJO) y el Sindicato de Trabajadores Acad\u00e9micos de la Universidad de Oaxaca (STAUO), quienes alcanzaron acuerdos favorables con la m\u00e1xima casa de estudios.<\/p>\n\n\n\n<p>En el caso del STEUABJO, el estallamiento de la huelga estaba programado para el primer minuto de este 23 de febrero, pese a que ya hab\u00eda aceptado el incremento salarial de 3.4 por ciento; las partes revisaron los pendientes en el contrato colectivo de trabajo y resolvieron las quejas.<\/p>\n\n\n\n<p>Mientras tanto el STAUO tambi\u00e9n hab\u00eda emplazado para el d\u00eda de ayer pero determin\u00f3 seguir la revisi\u00f3n de sus demandas ya sin la amenaza de huelga.<\/p>\n\n\n\n<p>\u201cAprecio la sensibilidad y el buen acuerdo de los trabajadores del STAUO de conjurar emplazamiento 19-20. Seguiremos trabajando para atender su pliego 2021, con respeto a los derechos de los trabajadores y la misi\u00f3n de educar, de la universidad\u201d, difundi\u00f3 el rector Eduardo Bautista Mart\u00ednez.<\/p>\n\n\n\n<p>\u201cValoro la decisi\u00f3n de los trabajadores de STEUABJO por conjurar la huelga 2021 y alcanzar acuerdos con UABJO con el importante arbitraje de las autoridades laborales JLCyA Oaxaca\u201d, difundi\u00f3, con respecto al gremio de trabajadores administrativos.<\/p>\n","protected":false},"excerpt":{"rendered":"<p>Redacci\u00f3n\/Zona Roja. Oaxaca de Ju\u00e1rez, Oax., 23 de febrero de 2021.- Dos sindicatos de la&hellip;<\/p>\n","protected":false},"author":2,"featured_media":22083,"comment_status":"closed","ping_status":"open","sticky":false,"template":"","format":"standard","meta":{"_lmt_disableupdate":"","_lmt_disable":"","_jetpack_memberships_contains_paid_content":false,"footnotes":""},"categories":[109,46],"tags":[360,282],"class_list":["post-23950","post","type-post","status-publish","format-standard","has-post-thumbnail","hentry","category-minuto-a-minuto","category-zona-blanca","tag-rector-eduardo-bautista-martinez","tag-universidad-autonoma-benito-juarez-de-oaxaca"],"jetpack_featured_media_url":"https:\/\/zonaroja.com.mx\/wp-content\/uploads\/2021\/01\/Rectoria-UABJO-1.jpg","jetpack_sharing_enabled":true,"_links":{"self":[{"href":"https:\/\/zonaroja.com.mx\/index.php?rest_route=\/wp\/v2\/posts\/23950","targetHints":{"allow":["GET"]}}],"collection":[{"href":"https:\/\/zonaroja.com.mx\/index.php?rest_route=\/wp\/v2\/posts"}],"about":[{"href":"https:\/\/zonaroja.com.mx\/index.php?rest_route=\/wp\/v2\/types\/post"}],"author":[{"embeddable":true,"href":"https:\/\/zonaroja.com.mx\/index.php?rest_route=\/wp\/v2\/users\/2"}],"replies":[{"embeddable":true,"href":"https:\/\/zonaroja.com.mx\/index.php?rest_route=%2Fwp%2Fv2%2Fcomments&post=23950"}],"version-history":[{"count":1,"href":"https:\/\/zonaroja.com.mx\/index.php?rest_route=\/wp\/v2\/posts\/23950\/revisions"}],"predecessor-version":[{"id":23951,"href":"https:\/\/zonaroja.com.mx\/index.php?rest_route=\/wp\/v2\/posts\/23950\/revisions\/23951"}],"wp:featuredmedia":[{"embeddable":true,"href":"https:\/\/zonaroja.com.mx\/index.php?rest_route=\/wp\/v2\/media\/22083"}],"wp:attachment":[{"href":"https:\/\/zonaroja.com.mx\/index.php?rest_route=%2Fwp%2Fv2%2Fmedia&parent=23950"}],"wp:term":[{"taxonomy":"category","embeddable":true,"href":"https:\/\/zonaroja.com.mx\/index.php?rest_route=%2Fwp%2Fv2%2Fcategories&post=23950"},{"taxonomy":"post_tag","embeddable":true,"href":"https:\/\/zonaroja.com.mx\/index.php?rest_route=%2Fwp%2Fv2%2Ftags&post=23950"}],"curies":[{"name":"wp","href":"https:\/\/api.w.org\/{rel}","templated":true}]}}