{"id":23958,"date":"2021-02-23T15:22:30","date_gmt":"2021-02-23T21:22:30","guid":{"rendered":"http:\/\/www.zonaroja.com.mx\/?p=23958"},"modified":"2021-02-23T15:22:34","modified_gmt":"2021-02-23T21:22:34","slug":"la-otra-pandemia-en-oaxaca-sin-freno-las-protestas-y-bloqueos","status":"publish","type":"post","link":"https:\/\/zonaroja.com.mx\/?p=23958","title":{"rendered":"La otra pandemia en Oaxaca: sin freno las protestas y bloqueos"},"content":{"rendered":"\n<p>Evlin Arag\u00f3n\/Zona Roja.<\/p>\n\n\n\n<p>Oaxaca de Ju\u00e1rez, Oax., 23 de febrero de 2021.- Este martes, organizaciones sociales, representantes de comunidades y personal de los Servicios de Salud realizaron una serie de movilizaciones en la capital y zona conurbada, adem\u00e1s que se registraron bloqueos carreteros en la regi\u00f3n del Istmo de Tehuantepec.&nbsp;<\/p>\n\n\n\n<p>Desde temprana hora, militantes del Frente Popular Revolucionario (FPR) y la Uni\u00f3n Campesina Ind\u00edgena Popular \u201cEmiliano Zapata\u201d (UCIPEZ), se manifestaron en las inmediaciones de la fuente de la 8 Regiones, de forma particular donde se ubica el Instituto Oaxaque\u00f1o Constructor de Infraestructura F\u00edsica Educativa (IOCIFED) a cuya directiva demandan atenci\u00f3n.&nbsp;<\/p>\n\n\n\n<p>Y es que, de acuerdo con los grupos manifestantes, las autoridades del IOCIFED tienen compromisos pendientes desde hace cinco a\u00f1os, particularmente en torno a la reconstrucci\u00f3n de escuelas y falta de equipamiento en las regiones de la Mixteca, Sierra Sur y Valles Centrales.&nbsp;&nbsp;<\/p>\n\n\n\n<p>Uno de los centros escolares con urgencia de intervenci\u00f3n es el Instituto de Estudios de Bachillerato del Estado de Oaxaca (IEBO), en la localidad de San Mateo Tepantepec, en Santa Mar\u00eda Pe\u00f1oles, que present\u00f3 da\u00f1os con los sismos del 2017 y a\u00fan no ha sido atendido.&nbsp;<\/p>\n\n\n\n<p>Por el contrario, denunciaron irregularidades en la asignaci\u00f3n y manejo del recurso p\u00fablico, toda vez que la empresa constructora s\u00ed arrib\u00f3 a la localidad, sin embargo, \u00fanicamente retiro escombros y un poco de material inservible, despu\u00e9s de ello se retir\u00f3 y no hay avances al respecto.<\/p>\n\n\n\n<p>Para Maximiliano Cruz, representante del UCIPEZ, no es v\u00e1lida la justificaci\u00f3n que da la autoridad, que argumenta retrasos debido a la pandemia, ya que previo a la contingencia tampoco hab\u00eda avances favorables a sus demandas.\u00a0<\/p>\n\n\n\n<figure class=\"wp-block-embed-twitter wp-block-embed is-type-rich is-provider-twitter\"><div class=\"wp-block-embed__wrapper\">\n<div class=\"twitter-tweet\"><blockquote class=\"twitter-tweet\" data-lang=\"es\"><p lang=\"es\" dir=\"ltr\"><a href=\"https:\/\/twitter.com\/hashtag\/%C3%9AltimoMinuto?src=hash&amp;ref_src=twsrc%5Etfw\">#\u00daltimoMinuto<\/a> <br>La primera protesta del d\u00eda en la ciudad de <a href=\"https:\/\/twitter.com\/hashtag\/Oaxaca?src=hash&amp;ref_src=twsrc%5Etfw\">#Oaxaca<\/a>, por parte de militantes del <a href=\"https:\/\/twitter.com\/FPR_OAXACA?ref_src=twsrc%5Etfw\">@FPR_OAXACA<\/a> contra el <a href=\"https:\/\/twitter.com\/IOCIFED_GobOax?ref_src=twsrc%5Etfw\">@IOCIFED_GobOax<\/a>.<br>Bloquean la calzada Porfirio D\u00edaz, tome sus previsiones. <a href=\"https:\/\/t.co\/mSHntY640O\">pic.twitter.com\/mSHntY640O<\/a><\/p>&mdash; Zona Roja Oaxaca (@Zona_Roja_Oax) <a href=\"https:\/\/twitter.com\/Zona_Roja_Oax\/status\/1364223650220670977?ref_src=twsrc%5Etfw\">23 de febrero de 2021<\/a><\/blockquote><\/div>\n<\/div><\/figure>\n\n\n\n<p>TAMBI\u00c9N SALUD<\/p>\n\n\n\n<p>A la movilizaci\u00f3n anterior se unieron trabajadores del \u00e1rea de Vectores de los Servicio de Salud de Oaxaca (SSO), quienes protestaron en las oficinas centrales de la dependencia para exigir que sean tomados en cuenta en la primera fase de la vacunaci\u00f3n contra la Covid-19, al representar al sector m\u00e1s vulnerable.&nbsp;<\/p>\n\n\n\n<p>\u201cSoy personal de salud, estoy laborando sin ser vacunado. Exigimos nuestro derecho\u201d, se pod\u00eda leer en las pancartas que fueron colocadas a las afueras de la dependencia.&nbsp;<\/p>\n\n\n\n<p>Ariel Adalid V\u00e1zquez Mart\u00ednez, subdelegado sindical de la Jurisdicci\u00f3n 01 Valles Centrales, asegur\u00f3 que la base trabajadora no considera justo que, aunque realizan de manera diaria su labor como personal de los SSO, no sean considerados como tal y no hayan recibido a\u00fan la primera dosis de la vacuna.\u00a0<\/p>\n\n\n\n<figure class=\"wp-block-embed-twitter wp-block-embed is-type-rich is-provider-twitter\"><div class=\"wp-block-embed__wrapper\">\n<div class=\"twitter-tweet\"><blockquote class=\"twitter-tweet\" data-lang=\"es\"><p lang=\"es\" dir=\"ltr\"><a href=\"https:\/\/twitter.com\/hashtag\/%C3%9AltimoMinuto?src=hash&amp;ref_src=twsrc%5Etfw\">#\u00daltimoMinuto<\/a> <br>Una segunda protesta del d\u00eda, por parte del \u00e1rea de Vectores, en las oficinas de los <a href=\"https:\/\/twitter.com\/SSO_GobOax?ref_src=twsrc%5Etfw\">@SSO_GobOax<\/a>, en el centro de la ciudad de Oaxaca. <a href=\"https:\/\/t.co\/WVpQxfn7pp\">pic.twitter.com\/WVpQxfn7pp<\/a><\/p>&mdash; Zona Roja Oaxaca (@Zona_Roja_Oax) <a href=\"https:\/\/twitter.com\/Zona_Roja_Oax\/status\/1364245403592368130?ref_src=twsrc%5Etfw\">23 de febrero de 2021<\/a><\/blockquote><\/div>\n<\/div><\/figure>\n\n\n\n<p>EN CIUDAD ADMINISTRATIVA<\/p>\n\n\n\n<p>Por su parte habitantes de comunidades ind\u00edgenas de la Ca\u00f1ada y Sierra Mazateca se apersonaron en las instalaciones de Ciudad Administrativa, en el municipio de Tlalixtac de Cabrera, para exigir la atenci\u00f3n a demandas sociales por parte del gobierno del estado, que encabeza Alejandro Murat Hinojosa.&nbsp;<\/p>\n\n\n\n<p>Los manifestantes bloquearon de manera temporal las vialidades aleda\u00f1as al complejo administrativo como medida de presi\u00f3n para que una comisi\u00f3n fuera recibida por las autoridades.&nbsp;<\/p>\n\n\n\n<p>En la regi\u00f3n del Istmo se report\u00f3 un bloqueo sobre la carretera Trans\u00edstmica del tramo Tehuantepec- Salina Cruz, a la altura del fraccionamiento La Noria, frente a la Unidad Habitacional \u00ab23 de Noviembre\u00bb.&nbsp;<\/p>\n\n\n\n<p>Lo anterior para exigir al gobierno de Oaxaca y la Comisi\u00f3n Estatal del Agua, la conclusi\u00f3n del sistema de agua potable en dicho municipio que se ha visto afectado en m\u00faltiples ocasiones debido a la mala planeaci\u00f3n de las obras que se han realizado.&nbsp;<\/p>\n\n\n\n<p>De acuerdo con habitantes de la unidad habitacional, desde hace meses inundaciones en temporada de lluvias, ya que las aguas pluviales producen encharcamientos por mala planeaci\u00f3n de la red de drenaje, por lo que decidieron manifestarse ante la falta de atenci\u00f3n por parte de las autoridades.&nbsp;<\/p>\n\n\n\n<p>Despu\u00e9s del mediod\u00eda, corporaciones de seguridad y vialidad reportaron el bloqueo en la carretera Oaxaca- Istmo, frente a la comandancia de la polic\u00eda municipal de Santo Domingo Tehuantepec.<\/p>\n","protected":false},"excerpt":{"rendered":"<p>Evlin Arag\u00f3n\/Zona Roja. Oaxaca de Ju\u00e1rez, Oax., 23 de febrero de 2021.- Este martes, organizaciones&hellip;<\/p>\n","protected":false},"author":2,"featured_media":23959,"comment_status":"closed","ping_status":"open","sticky":false,"template":"","format":"standard","meta":{"_lmt_disableupdate":"","_lmt_disable":"","_jetpack_memberships_contains_paid_content":false,"footnotes":""},"categories":[109,47],"tags":[2254],"class_list":["post-23958","post","type-post","status-publish","format-standard","has-post-thumbnail","hentry","category-minuto-a-minuto","category-zona-gris","tag-protestas-y-bloqueos-oaxaca"],"jetpack_featured_media_url":"https:\/\/zonaroja.com.mx\/wp-content\/uploads\/2021\/02\/Movilizaciones-Oaxaca-FPR.jpg","jetpack_sharing_enabled":true,"_links":{"self":[{"href":"https:\/\/zonaroja.com.mx\/index.php?rest_route=\/wp\/v2\/posts\/23958","targetHints":{"allow":["GET"]}}],"collection":[{"href":"https:\/\/zonaroja.com.mx\/index.php?rest_route=\/wp\/v2\/posts"}],"about":[{"href":"https:\/\/zonaroja.com.mx\/index.php?rest_route=\/wp\/v2\/types\/post"}],"author":[{"embeddable":true,"href":"https:\/\/zonaroja.com.mx\/index.php?rest_route=\/wp\/v2\/users\/2"}],"replies":[{"embeddable":true,"href":"https:\/\/zonaroja.com.mx\/index.php?rest_route=%2Fwp%2Fv2%2Fcomments&post=23958"}],"version-history":[{"count":1,"href":"https:\/\/zonaroja.com.mx\/index.php?rest_route=\/wp\/v2\/posts\/23958\/revisions"}],"predecessor-version":[{"id":23960,"href":"https:\/\/zonaroja.com.mx\/index.php?rest_route=\/wp\/v2\/posts\/23958\/revisions\/23960"}],"wp:featuredmedia":[{"embeddable":true,"href":"https:\/\/zonaroja.com.mx\/index.php?rest_route=\/wp\/v2\/media\/23959"}],"wp:attachment":[{"href":"https:\/\/zonaroja.com.mx\/index.php?rest_route=%2Fwp%2Fv2%2Fmedia&parent=23958"}],"wp:term":[{"taxonomy":"category","embeddable":true,"href":"https:\/\/zonaroja.com.mx\/index.php?rest_route=%2Fwp%2Fv2%2Fcategories&post=23958"},{"taxonomy":"post_tag","embeddable":true,"href":"https:\/\/zonaroja.com.mx\/index.php?rest_route=%2Fwp%2Fv2%2Ftags&post=23958"}],"curies":[{"name":"wp","href":"https:\/\/api.w.org\/{rel}","templated":true}]}}