{"id":23961,"date":"2021-02-23T18:12:09","date_gmt":"2021-02-24T00:12:09","guid":{"rendered":"http:\/\/www.zonaroja.com.mx\/?p=23961"},"modified":"2021-02-23T18:12:12","modified_gmt":"2021-02-24T00:12:12","slug":"dirigencia-del-pan-mantiene-propuestas-para-encabezar-candidaturas-comunes-en-la-capital","status":"publish","type":"post","link":"https:\/\/zonaroja.com.mx\/?p=23961","title":{"rendered":"Dirigencia del PAN mantiene propuestas para encabezar candidaturas comunes en la capital"},"content":{"rendered":"\n<p>Yuridiana Sosa\/Zona Roja.<\/p>\n\n\n\n<p>Oaxaca de Ju\u00e1rez, Oax., 23 de febrero de 2021.-&nbsp; El Partido Acci\u00f3n Nacional afirm\u00f3 que en la recta final para definir la candidatura com\u00fan de \u201cVa por Oaxaca\u201d \u2013PAN, PRI y PRD-, en la capital de estado defender\u00e1n sus propuestas para encabezar la colaci\u00f3n.<\/p>\n\n\n\n<p>El coordinador de las mesas pol\u00edticas de la estrategia electoral, Juan Mendoza Reyes, se\u00f1al\u00f3 que este martes se reuni\u00f3 con los representantes del Partido de la Revoluci\u00f3n Democr\u00e1tica y del Revolucionario Institucional para concretar los candidatos en los municipios donde van en alianza.<\/p>\n\n\n\n<p>Para el caso de Oaxaca de Ju\u00e1rez, donde se ha registrado una serie de expresiones por diferentes grupos panistas sobre respaldar o no al aspirante del PRI, el dirigente estatal del PAN se posicion\u00f3 a favor de las propuestas panistas.<\/p>\n\n\n\n<p>Asever\u00f3 que Acci\u00f3n Nacional mantiene su inter\u00e9s genuino en colocar a su candidato, los cuales se van a medir con el resto de los candidatos del PRI y PRD.<\/p>\n\n\n\n<figure class=\"wp-block-embed-twitter wp-block-embed is-type-rich is-provider-twitter\"><div class=\"wp-block-embed__wrapper\">\n<div class=\"twitter-tweet\"><blockquote class=\"twitter-tweet\" data-lang=\"es\"><p lang=\"es\" dir=\"ltr\"><a href=\"https:\/\/twitter.com\/hashtag\/ENVIVO?src=hash&amp;ref_src=twsrc%5Etfw\">#ENVIVO<\/a> <br>Oaxaca de Ju\u00e1rez, Oax., 23 de febrero de 2021.- Conferencia de prensa del comit\u00e9 directivo del Partido Acci\u00f3n Nacional (PAN).<br>Aqu\u00ed la transmisi\u00f3n <br>\ud83d\udc47<a href=\"https:\/\/t.co\/atDQfCCvAJ\">https:\/\/t.co\/atDQfCCvAJ<\/a> <a href=\"https:\/\/t.co\/aiXGZ4b82Q\">pic.twitter.com\/aiXGZ4b82Q<\/a><\/p>&mdash; Zona Roja Oaxaca (@Zona_Roja_Oax) <a href=\"https:\/\/twitter.com\/Zona_Roja_Oax\/status\/1364235089127776259?ref_src=twsrc%5Etfw\">23 de febrero de 2021<\/a><\/blockquote><\/div>\n<\/div><\/figure>\n\n\n\n<p>\u201cHay que generar las condiciones, pues si no encabezamos, poder al menos llevar dignamente el espacio y aportar como partido. Pero la coincidencia es s\u00ed a la candidatura com\u00fan\u201d, manifest\u00f3, pues refiri\u00f3 que s\u00f3lo en coalici\u00f3n en la capital pueden desbancar a Morena, el partido que hoy gobierna Oaxaca de Ju\u00e1rez.<\/p>\n\n\n\n<p>Destac\u00f3 que al momento han expresado p\u00fablicamente Alejandra&nbsp; Garc\u00eda Morl\u00e1n, Maru Pombo Calvo y Mirna L\u00f3pez su deseo de encabezar la planilla de concejales.<\/p>\n\n\n\n<p>En conferencia de prensa, y acompa\u00f1ado de dirigentes estatales, Mendoza Reyes agreg\u00f3 que son 24 los municipios en los que habr\u00e1 candidaturas comunes, los cuales este martes se definir\u00e1n, mientras que el albiazul ha registrado aspirantes para 80 municipios.<\/p>\n\n\n\n<p>Entre los ayuntamientos en los que se disputar\u00e1 la jornada electoral en coalici\u00f3n se encuentran Tuxtepec, Huajaupan de Le\u00f3n, Santiago Pinotepa y Santa Cruz Xoxocotl\u00e1n.<\/p>\n\n\n\n<p>El Comit\u00e9 Directivo Estatal del PAN dio a conocer que a partir de este 23 y hasta el pr\u00f3ximo 26 est\u00e1 vigente la convocatoria para el registro de los aspirantes a concejal\u00edas.<\/p>\n\n\n\n<figure class=\"wp-block-embed-twitter wp-block-embed is-type-rich is-provider-twitter\"><div class=\"wp-block-embed__wrapper\">\n<div class=\"twitter-tweet\"><blockquote class=\"twitter-tweet\" data-lang=\"es\"><p lang=\"es\" dir=\"ltr\">S\u00ed a la candidatura en com\u00fan para la capital oaxaque\u00f1a y s\u00ed a encabezar la f\u00f3rmula, dijo hoy el <a href=\"https:\/\/twitter.com\/PANOaxaca?ref_src=twsrc%5Etfw\">@PANOaxaca<\/a> en conferencia de prensa. Juan Mendoza Reyes confirm\u00f3 que hay tres mujeres que aspiran a presidir el ayuntamiento, entre ellas <a href=\"https:\/\/twitter.com\/alegarciamorlan?ref_src=twsrc%5Etfw\">@alegarciamorlan<\/a>. <a href=\"https:\/\/t.co\/Uqg5ej1bvT\">pic.twitter.com\/Uqg5ej1bvT<\/a><\/p>&mdash; Zona Roja Oaxaca (@Zona_Roja_Oax) <a href=\"https:\/\/twitter.com\/Zona_Roja_Oax\/status\/1364270086719107072?ref_src=twsrc%5Etfw\">23 de febrero de 2021<\/a><\/blockquote><\/div>\n<\/div><\/figure>\n","protected":false},"excerpt":{"rendered":"<p>Yuridiana Sosa\/Zona Roja. Oaxaca de Ju\u00e1rez, Oax., 23 de febrero de 2021.-&nbsp; El Partido Acci\u00f3n&hellip;<\/p>\n","protected":false},"author":2,"featured_media":23962,"comment_status":"closed","ping_status":"open","sticky":false,"template":"","format":"standard","meta":{"_lmt_disableupdate":"","_lmt_disable":"","_jetpack_memberships_contains_paid_content":false,"footnotes":""},"categories":[109,47],"tags":[2364],"class_list":["post-23961","post","type-post","status-publish","format-standard","has-post-thumbnail","hentry","category-minuto-a-minuto","category-zona-gris","tag-partido-accion-nacional-pan-oaxaca"],"jetpack_featured_media_url":"https:\/\/zonaroja.com.mx\/wp-content\/uploads\/2021\/02\/Dirigencia-Partido-Accion-Nacional.jpg","jetpack_sharing_enabled":true,"_links":{"self":[{"href":"https:\/\/zonaroja.com.mx\/index.php?rest_route=\/wp\/v2\/posts\/23961","targetHints":{"allow":["GET"]}}],"collection":[{"href":"https:\/\/zonaroja.com.mx\/index.php?rest_route=\/wp\/v2\/posts"}],"about":[{"href":"https:\/\/zonaroja.com.mx\/index.php?rest_route=\/wp\/v2\/types\/post"}],"author":[{"embeddable":true,"href":"https:\/\/zonaroja.com.mx\/index.php?rest_route=\/wp\/v2\/users\/2"}],"replies":[{"embeddable":true,"href":"https:\/\/zonaroja.com.mx\/index.php?rest_route=%2Fwp%2Fv2%2Fcomments&post=23961"}],"version-history":[{"count":1,"href":"https:\/\/zonaroja.com.mx\/index.php?rest_route=\/wp\/v2\/posts\/23961\/revisions"}],"predecessor-version":[{"id":23963,"href":"https:\/\/zonaroja.com.mx\/index.php?rest_route=\/wp\/v2\/posts\/23961\/revisions\/23963"}],"wp:featuredmedia":[{"embeddable":true,"href":"https:\/\/zonaroja.com.mx\/index.php?rest_route=\/wp\/v2\/media\/23962"}],"wp:attachment":[{"href":"https:\/\/zonaroja.com.mx\/index.php?rest_route=%2Fwp%2Fv2%2Fmedia&parent=23961"}],"wp:term":[{"taxonomy":"category","embeddable":true,"href":"https:\/\/zonaroja.com.mx\/index.php?rest_route=%2Fwp%2Fv2%2Fcategories&post=23961"},{"taxonomy":"post_tag","embeddable":true,"href":"https:\/\/zonaroja.com.mx\/index.php?rest_route=%2Fwp%2Fv2%2Ftags&post=23961"}],"curies":[{"name":"wp","href":"https:\/\/api.w.org\/{rel}","templated":true}]}}