{"id":23964,"date":"2021-02-23T19:08:58","date_gmt":"2021-02-24T01:08:58","guid":{"rendered":"http:\/\/www.zonaroja.com.mx\/?p=23964"},"modified":"2021-02-23T19:09:01","modified_gmt":"2021-02-24T01:09:01","slug":"sin-detenciones-ni-justicia-a-un-mes-del-asesinato-del-defensor-fidel-heras","status":"publish","type":"post","link":"https:\/\/zonaroja.com.mx\/?p=23964","title":{"rendered":"Sin detenciones ni justicia, a un mes del asesinato del defensor Fidel Heras"},"content":{"rendered":"\n<p>Yuridiana Sosa\/Zona Roja.<\/p>\n\n\n\n<p>Oaxaca de Ju\u00e1rez, Oax., 23 de febrero de 2021.- Organizaciones internacionales reiteraron su reclamo de justicia para el defensor comunitario Fidel Heras Cruz, quien el pasado 23 de enero fue asesinado en Santiago Jamiltepec, en la regi\u00f3n Costa de Oaxaca.<\/p>\n\n\n\n<p>A un mes del crimen del Comisariado de Bienes Ejidales del Ejido de Paso de la Reyna, mil 200 organizaciones y personas de 20 pa\u00edses se unieron en la exigencia para que las autoridades estatales y nacionales detengan al o a los responsables del hecho, as\u00ed como cumplan una sentencia.<\/p>\n\n\n\n<p>La organizaci\u00f3n Educa Oaxaca conden\u00f3 la falta de acciones de la Fiscal\u00eda General del Estado, pues no se han realizado detenciones ni se han tomado medidas de protecci\u00f3n para la comunidad Paso de la Reyna, lugar que Heras Cruz defend\u00eda desde el Consejo de Pueblos Unidos por la Defensa del R\u00edo Verde (Copudever).<\/p>\n\n\n\n<p>Desde el mes pasado, distintas organizaciones comenzaron un movimiento de colecta de firmas \u201cAcci\u00f3n urgente\u201d, desde el cual los defensores locales, nacionales e internacionales tambi\u00e9n demandan una extenuante e inmediata investigaci\u00f3n para dar con los responsables del asesinato.<\/p>\n\n\n\n<p>La exigencia tambi\u00e9n es para establecer las medidas cautelares que garanticen la integridad f\u00edsica y emocional de la familia Heras, autoridades, ciudadanos de Paso de la Reyna, e integrantes del Copudever.<\/p>\n\n\n\n<p>Fidel Heras Cruz manten\u00eda una f\u00e9rrea y leg\u00edtima defensa contra la extracci\u00f3n de materiales p\u00e9treos en la comunidad de Paso de la Reyna, acci\u00f3n que advirtieron las organizaciones cada vez es m\u00e1s com\u00fan con el respaldo de autoridades municipales. D\u00edas previos a su muerte recibi\u00f3 de forma an\u00f3nima amenazas de muerte.<\/p>\n","protected":false},"excerpt":{"rendered":"<p>Yuridiana Sosa\/Zona Roja. Oaxaca de Ju\u00e1rez, Oax., 23 de febrero de 2021.- Organizaciones internacionales reiteraron&hellip;<\/p>\n","protected":false},"author":2,"featured_media":22792,"comment_status":"closed","ping_status":"open","sticky":false,"template":"","format":"standard","meta":{"_lmt_disableupdate":"","_lmt_disable":"","_jetpack_memberships_contains_paid_content":false,"footnotes":""},"categories":[109,47],"tags":[2398],"class_list":["post-23964","post","type-post","status-publish","format-standard","has-post-thumbnail","hentry","category-minuto-a-minuto","category-zona-gris","tag-fidel-heras-cruz"],"jetpack_featured_media_url":"https:\/\/zonaroja.com.mx\/wp-content\/uploads\/2021\/01\/Activista-asesinado-Paso-de-la-Reyna.jpg","jetpack_sharing_enabled":true,"_links":{"self":[{"href":"https:\/\/zonaroja.com.mx\/index.php?rest_route=\/wp\/v2\/posts\/23964","targetHints":{"allow":["GET"]}}],"collection":[{"href":"https:\/\/zonaroja.com.mx\/index.php?rest_route=\/wp\/v2\/posts"}],"about":[{"href":"https:\/\/zonaroja.com.mx\/index.php?rest_route=\/wp\/v2\/types\/post"}],"author":[{"embeddable":true,"href":"https:\/\/zonaroja.com.mx\/index.php?rest_route=\/wp\/v2\/users\/2"}],"replies":[{"embeddable":true,"href":"https:\/\/zonaroja.com.mx\/index.php?rest_route=%2Fwp%2Fv2%2Fcomments&post=23964"}],"version-history":[{"count":1,"href":"https:\/\/zonaroja.com.mx\/index.php?rest_route=\/wp\/v2\/posts\/23964\/revisions"}],"predecessor-version":[{"id":23965,"href":"https:\/\/zonaroja.com.mx\/index.php?rest_route=\/wp\/v2\/posts\/23964\/revisions\/23965"}],"wp:featuredmedia":[{"embeddable":true,"href":"https:\/\/zonaroja.com.mx\/index.php?rest_route=\/wp\/v2\/media\/22792"}],"wp:attachment":[{"href":"https:\/\/zonaroja.com.mx\/index.php?rest_route=%2Fwp%2Fv2%2Fmedia&parent=23964"}],"wp:term":[{"taxonomy":"category","embeddable":true,"href":"https:\/\/zonaroja.com.mx\/index.php?rest_route=%2Fwp%2Fv2%2Fcategories&post=23964"},{"taxonomy":"post_tag","embeddable":true,"href":"https:\/\/zonaroja.com.mx\/index.php?rest_route=%2Fwp%2Fv2%2Ftags&post=23964"}],"curies":[{"name":"wp","href":"https:\/\/api.w.org\/{rel}","templated":true}]}}