{"id":23970,"date":"2021-02-23T21:12:30","date_gmt":"2021-02-24T03:12:30","guid":{"rendered":"http:\/\/www.zonaroja.com.mx\/?p=23970"},"modified":"2021-02-23T21:12:34","modified_gmt":"2021-02-24T03:12:34","slug":"denuncian-a-edil-de-pluma-hidalgo-de-incumplir-resolucion-del-teeo","status":"publish","type":"post","link":"https:\/\/zonaroja.com.mx\/?p=23970","title":{"rendered":"Denuncian a edil de Pluma Hidalgo de incumplir resoluci\u00f3n del TEEO"},"content":{"rendered":"\n<p>Evlin Arag\u00f3n\/Zona Roja.<\/p>\n\n\n\n<p>Oaxaca de Ju\u00e1rez, Oax., 23 de febrero de 2021.- Pobladores del municipio de Pluma Hidalgo, Oaxaca, denunciaron el actuar del edil Josu\u00e9 Silva Jacinto, quien se niega a acudir a las sesiones de Cabildo, toda vez que recientemente anunci\u00f3 que dio positivo a Covid- 19; sin embargo, las pruebas qu\u00edmicas que se realiz\u00f3 de manera reciente, aseguran lo contrario.&nbsp;<\/p>\n\n\n\n<p>De acuerdo con lo expuesto a trav\u00e9s de las redes sociales, la verdadera raz\u00f3n por la que el presidente municipal se niega a acudir a las convocatorias del grupo colegiado, es debido a que se reh\u00fasa a acatar una resoluci\u00f3n del Tribunal Estatal Electoral de Oaxaca (TEEO) que lo mandata a reinstalar al s\u00edndico municipal, Jos\u00e9 D\u00edaz L\u00f3pez, a quien pretendi\u00f3 destituir.<\/p>\n\n\n\n<p>Y es que, aun cuando desde el pasado primero de febrero \u00e9l mismo inform\u00f3 que dio negativo a la prueba de Covid-19, Silva Jacinto insiste en que debe permanecer aislado para evitar ser una fuente de contagio.&nbsp;<\/p>\n\n\n\n<p>No obstante, vecinos de la localidad se\u00f1alan que dicho argumento es a conveniencia, ya que desde hace casi tres semanas el edil organiza comidas y hasta juega partidos de futbol, mostrando que ya se encuentra bien de salud, y que poco o nada le importa el contagio.&nbsp;<\/p>\n\n\n\n<p>De ah\u00ed que aseguran el verdadero motivo de su ausencia, es el seguir ignorando la sentencia emanada por el TEEO donde ordena la restituci\u00f3n de Jos\u00e9 D\u00edaz en el cargo de s\u00edndico procurador y el pago de dietas adeudas, luego de iniciar un Juicio para la Protecci\u00f3n de sus Derechos Pol\u00edticos Electorales.<\/p>\n\n\n\n<p>En enero pasado, el Tribunal reconoci\u00f3 la obstaculizaci\u00f3n de los derechos pol\u00edticos electorales del quejoso y orden\u00f3 al edil convocarlo a toda y cada una de las sesiones de Cabildo que se celebren en el ayuntamiento.<\/p>\n\n\n\n<p>Fue en julio pasado que el s\u00edndico procurador fue separado de su cargo por decisi\u00f3n del edil Josu\u00e9 Silva Jacinto e integrantes del Cabildo, tras pedir que se transparentar\u00e1n las acciones de gobierno y la forma en que se hab\u00edan aplicado los recursos.&nbsp;<\/p>\n\n\n\n<p>As\u00ed mismo, solicit\u00f3 la revisi\u00f3n y firma de n\u00f3minas del personal que labora en el Ayuntamiento; los libros de contabilidad de egresos e ingresos de la cuenta p\u00fablica, y actas de sesi\u00f3n de cabildo correspondientes a los meses de enero a abril del 2020, lo cual le vali\u00f3 su destituci\u00f3n.&nbsp;<\/p>\n","protected":false},"excerpt":{"rendered":"<p>Evlin Arag\u00f3n\/Zona Roja. Oaxaca de Ju\u00e1rez, Oax., 23 de febrero de 2021.- Pobladores del municipio&hellip;<\/p>\n","protected":false},"author":2,"featured_media":23971,"comment_status":"closed","ping_status":"open","sticky":false,"template":"","format":"standard","meta":{"_lmt_disableupdate":"","_lmt_disable":"","_jetpack_memberships_contains_paid_content":false,"footnotes":""},"categories":[109,47],"tags":[2483,1011],"class_list":["post-23970","post","type-post","status-publish","format-standard","has-post-thumbnail","hentry","category-minuto-a-minuto","category-zona-gris","tag-josue-silva-jacinto","tag-pluma-hidalgo"],"jetpack_featured_media_url":"https:\/\/zonaroja.com.mx\/wp-content\/uploads\/2021\/02\/Josue-Silva-resolucion-Pluma-Hidalgo.jpg","jetpack_sharing_enabled":true,"_links":{"self":[{"href":"https:\/\/zonaroja.com.mx\/index.php?rest_route=\/wp\/v2\/posts\/23970","targetHints":{"allow":["GET"]}}],"collection":[{"href":"https:\/\/zonaroja.com.mx\/index.php?rest_route=\/wp\/v2\/posts"}],"about":[{"href":"https:\/\/zonaroja.com.mx\/index.php?rest_route=\/wp\/v2\/types\/post"}],"author":[{"embeddable":true,"href":"https:\/\/zonaroja.com.mx\/index.php?rest_route=\/wp\/v2\/users\/2"}],"replies":[{"embeddable":true,"href":"https:\/\/zonaroja.com.mx\/index.php?rest_route=%2Fwp%2Fv2%2Fcomments&post=23970"}],"version-history":[{"count":1,"href":"https:\/\/zonaroja.com.mx\/index.php?rest_route=\/wp\/v2\/posts\/23970\/revisions"}],"predecessor-version":[{"id":23972,"href":"https:\/\/zonaroja.com.mx\/index.php?rest_route=\/wp\/v2\/posts\/23970\/revisions\/23972"}],"wp:featuredmedia":[{"embeddable":true,"href":"https:\/\/zonaroja.com.mx\/index.php?rest_route=\/wp\/v2\/media\/23971"}],"wp:attachment":[{"href":"https:\/\/zonaroja.com.mx\/index.php?rest_route=%2Fwp%2Fv2%2Fmedia&parent=23970"}],"wp:term":[{"taxonomy":"category","embeddable":true,"href":"https:\/\/zonaroja.com.mx\/index.php?rest_route=%2Fwp%2Fv2%2Fcategories&post=23970"},{"taxonomy":"post_tag","embeddable":true,"href":"https:\/\/zonaroja.com.mx\/index.php?rest_route=%2Fwp%2Fv2%2Ftags&post=23970"}],"curies":[{"name":"wp","href":"https:\/\/api.w.org\/{rel}","templated":true}]}}