{"id":23973,"date":"2021-02-24T09:00:00","date_gmt":"2021-02-24T15:00:00","guid":{"rendered":"http:\/\/www.zonaroja.com.mx\/?p=23973"},"modified":"2021-02-23T21:26:24","modified_gmt":"2021-02-24T03:26:24","slug":"tres-mujeres-y-tres-varones-desaparecidos-en-menos-de-una-semana-cuatro-son-menores","status":"publish","type":"post","link":"https:\/\/zonaroja.com.mx\/?p=23973","title":{"rendered":"Tres mujeres y tres varones desaparecidos en menos de una semana; cuatro son menores"},"content":{"rendered":"\n<p>Yuridiana Sosa\/Zona Roja.<\/p>\n\n\n\n<p>Oaxaca de Ju\u00e1rez, Oax., 24 de febrero de 2021.- La cifra de personas v\u00edctimas de desaparici\u00f3n no bajan en Oaxaca; tan s\u00f3lo en el transcurso de seis d\u00edas han desaparecido seis personas, de las que tres son mujeres.<\/p>\n\n\n\n<p>Aunque las desapariciones se han registrado en el transcurso de menos de una semana, la Unidad de B\u00fasqueda de Personas Desaparecidas y No Localizadas, de la Fiscal\u00eda General de Oaxaca, ha reportado los casos en los \u00faltimos tres d\u00edas.<\/p>\n\n\n\n<p>El m\u00e1s reciente hecho es el de Belinda M\u00e9ndez D\u00edaz, de 15 a\u00f1os de edad, quien fue vista por \u00faltima vez el pasado 19 de febrero en San Sim\u00f3n Zahuatl\u00e1n, del distrito de Huajuapan, en la regi\u00f3n Mixteca.<\/p>\n\n\n\n<p>Jhoana Yamileth S\u00e1nchez Jim\u00e9nez, es otra adolescente de 14 a\u00f1os de edad que desapareci\u00f3 el pasado 22 de febrero, desde que fue vista por \u00faltima vez en la Quinta Secci\u00f3n, del municipio de Juchit\u00e1n de Zaragoza, en el Istmo.<\/p>\n\n\n\n<p>El s\u00e1bado pasado se public\u00f3 la ficha de b\u00fasqueda para localizar a Cinthia Yenifer Estrada Mart\u00ednez, de 22 a\u00f1os, a quien se le vio desde el pasado 17 de febrero en el Fraccionamiento Esmeralda, de la agencia de Hacienda Blanca del municipio de San Pablo, Etla, en los Valles Centrales.<\/p>\n\n\n\n<p>Para el caso de los varones, la m\u00e1s reciente desaparici\u00f3n publicada es para pedir apoyo a fin de localizar a Cristian Daniel Morales Banegas, de 17 a\u00f1os de edad, quien fue visto desde el pasado 20 de febrero en Tlacolula De Matamoros.<\/p>\n\n\n\n<p>As\u00ed tambi\u00e9n, para el caso de V\u00edctor Duran Torres, de 16 a\u00f1os, fue visto por \u00faltima ocasi\u00f3n el d\u00eda 20 de febrero en la colonia Hidalgo de la agencia de San Mart\u00edn Mexicapan, de la capital oaxaque\u00f1a.<\/p>\n\n\n\n<p>Adem\u00e1s, se pide la colaboraci\u00f3n de la poblaci\u00f3n para encontrar a Ad\u00e1n Lorenzo Ventura Garnica, de 45 a\u00f1os, con quien su familia perdi\u00f3 comunicaci\u00f3n desde el pasado 20 de febrero luego de ser visto en la colonia Las Brisas en Salina Cruz.<\/p>\n","protected":false},"excerpt":{"rendered":"<p>Yuridiana Sosa\/Zona Roja. Oaxaca de Ju\u00e1rez, Oax., 24 de febrero de 2021.- La cifra de&hellip;<\/p>\n","protected":false},"author":2,"featured_media":23974,"comment_status":"closed","ping_status":"open","sticky":false,"template":"","format":"standard","meta":{"_lmt_disableupdate":"","_lmt_disable":"","_jetpack_memberships_contains_paid_content":false,"footnotes":""},"categories":[109,47],"tags":[455],"class_list":["post-23973","post","type-post","status-publish","format-standard","has-post-thumbnail","hentry","category-minuto-a-minuto","category-zona-gris","tag-mujeres-desaparecidas-oaxaca"],"jetpack_featured_media_url":"https:\/\/zonaroja.com.mx\/wp-content\/uploads\/2021\/02\/Desapariciones-Oaxaca.jpg","jetpack_sharing_enabled":true,"_links":{"self":[{"href":"https:\/\/zonaroja.com.mx\/index.php?rest_route=\/wp\/v2\/posts\/23973","targetHints":{"allow":["GET"]}}],"collection":[{"href":"https:\/\/zonaroja.com.mx\/index.php?rest_route=\/wp\/v2\/posts"}],"about":[{"href":"https:\/\/zonaroja.com.mx\/index.php?rest_route=\/wp\/v2\/types\/post"}],"author":[{"embeddable":true,"href":"https:\/\/zonaroja.com.mx\/index.php?rest_route=\/wp\/v2\/users\/2"}],"replies":[{"embeddable":true,"href":"https:\/\/zonaroja.com.mx\/index.php?rest_route=%2Fwp%2Fv2%2Fcomments&post=23973"}],"version-history":[{"count":1,"href":"https:\/\/zonaroja.com.mx\/index.php?rest_route=\/wp\/v2\/posts\/23973\/revisions"}],"predecessor-version":[{"id":23975,"href":"https:\/\/zonaroja.com.mx\/index.php?rest_route=\/wp\/v2\/posts\/23973\/revisions\/23975"}],"wp:featuredmedia":[{"embeddable":true,"href":"https:\/\/zonaroja.com.mx\/index.php?rest_route=\/wp\/v2\/media\/23974"}],"wp:attachment":[{"href":"https:\/\/zonaroja.com.mx\/index.php?rest_route=%2Fwp%2Fv2%2Fmedia&parent=23973"}],"wp:term":[{"taxonomy":"category","embeddable":true,"href":"https:\/\/zonaroja.com.mx\/index.php?rest_route=%2Fwp%2Fv2%2Fcategories&post=23973"},{"taxonomy":"post_tag","embeddable":true,"href":"https:\/\/zonaroja.com.mx\/index.php?rest_route=%2Fwp%2Fv2%2Ftags&post=23973"}],"curies":[{"name":"wp","href":"https:\/\/api.w.org\/{rel}","templated":true}]}}