{"id":23976,"date":"2021-02-23T21:38:30","date_gmt":"2021-02-24T03:38:30","guid":{"rendered":"http:\/\/www.zonaroja.com.mx\/?p=23976"},"modified":"2021-02-23T21:38:30","modified_gmt":"2021-02-24T03:38:30","slug":"confirman-que-ya-estan-en-mexico-variantes-sudafricana-y-brasilena-de-covid-19","status":"publish","type":"post","link":"https:\/\/zonaroja.com.mx\/?p=23976","title":{"rendered":"Confirman que ya est\u00e1n en M\u00e9xico variantes sudafricana y brasile\u00f1a de Covid-19"},"content":{"rendered":"\n<p>Redacci\u00f3n\/Zona Roja Cdmx.<\/p>\n\n\n\n<p>Ciudad de M\u00e9xico, 23 de febrero de 2021.- El Instituto de Diagn\u00f3stico y Referencia Epidemiol\u00f3gicos (Indre) confirm\u00f3 la presencia en M\u00e9xico de la mutaci\u00f3n E484K de las variantes sudafricana y brasile\u00f1a del Covid-19.<\/p>\n\n\n\n<p>La mutaci\u00f3n E484K es una de las que m\u00e1s preocupan a los cient\u00edficos en el mundo pues se le vincula con una disminuci\u00f3n de la neutralizaci\u00f3n del pat\u00f3geno hasta de 10 veces, se\u00f1al\u00f3 el doctor Jos\u00e9 Francisco Mu\u00f1oz Valle, Rector del Centro Universitario de Ciencias de la Salud y Coordinador General de la Sala de Situaci\u00f3n en Salud por COVID-19 de la Universidad de Guadalajara (UdG).<\/p>\n\n\n\n<p>\u201cLo que pudiera pasar es que las vacunas tuvieran una menor eficacia o que se presenten reinfecciones, pero faltan estudios para verificar en qu\u00e9 medida puede bajar la eficacia de la vacuna\u201d, se\u00f1al\u00f3.<\/p>\n\n\n\n<p>Se cree que la mutaci\u00f3n E484K, presente en las variantes que surgieron en Sud\u00e1frica y Brasil, ayuda al virus a resistir las vacunas y las terapias con anticuerpos, y contagia a personas que ya se han recuperado de casos del nuevo coronavirus.<\/p>\n\n\n\n<p>Los primeros casos sospechosos de personas con esta mutaci\u00f3n del virus SARS-CoV-2 fueron reportados por la UdG en enero.<\/p>\n\n\n\n<p>(Con informaci\u00f3n de \u201cEl Financiero\u201d)<\/p>\n","protected":false},"excerpt":{"rendered":"<p>Redacci\u00f3n\/Zona Roja Cdmx. Ciudad de M\u00e9xico, 23 de febrero de 2021.- El Instituto de Diagn\u00f3stico&hellip;<\/p>\n","protected":false},"author":2,"featured_media":21671,"comment_status":"closed","ping_status":"open","sticky":false,"template":"","format":"standard","meta":{"_lmt_disableupdate":"","_lmt_disable":"","_jetpack_memberships_contains_paid_content":false,"footnotes":""},"categories":[109,47],"tags":[1328],"class_list":["post-23976","post","type-post","status-publish","format-standard","has-post-thumbnail","hentry","category-minuto-a-minuto","category-zona-gris","tag-coronavirus-mexico"],"jetpack_featured_media_url":"https:\/\/zonaroja.com.mx\/wp-content\/uploads\/2020\/12\/Nueva-cepa-Covid.jpg","jetpack_sharing_enabled":true,"_links":{"self":[{"href":"https:\/\/zonaroja.com.mx\/index.php?rest_route=\/wp\/v2\/posts\/23976","targetHints":{"allow":["GET"]}}],"collection":[{"href":"https:\/\/zonaroja.com.mx\/index.php?rest_route=\/wp\/v2\/posts"}],"about":[{"href":"https:\/\/zonaroja.com.mx\/index.php?rest_route=\/wp\/v2\/types\/post"}],"author":[{"embeddable":true,"href":"https:\/\/zonaroja.com.mx\/index.php?rest_route=\/wp\/v2\/users\/2"}],"replies":[{"embeddable":true,"href":"https:\/\/zonaroja.com.mx\/index.php?rest_route=%2Fwp%2Fv2%2Fcomments&post=23976"}],"version-history":[{"count":1,"href":"https:\/\/zonaroja.com.mx\/index.php?rest_route=\/wp\/v2\/posts\/23976\/revisions"}],"predecessor-version":[{"id":23977,"href":"https:\/\/zonaroja.com.mx\/index.php?rest_route=\/wp\/v2\/posts\/23976\/revisions\/23977"}],"wp:featuredmedia":[{"embeddable":true,"href":"https:\/\/zonaroja.com.mx\/index.php?rest_route=\/wp\/v2\/media\/21671"}],"wp:attachment":[{"href":"https:\/\/zonaroja.com.mx\/index.php?rest_route=%2Fwp%2Fv2%2Fmedia&parent=23976"}],"wp:term":[{"taxonomy":"category","embeddable":true,"href":"https:\/\/zonaroja.com.mx\/index.php?rest_route=%2Fwp%2Fv2%2Fcategories&post=23976"},{"taxonomy":"post_tag","embeddable":true,"href":"https:\/\/zonaroja.com.mx\/index.php?rest_route=%2Fwp%2Fv2%2Ftags&post=23976"}],"curies":[{"name":"wp","href":"https:\/\/api.w.org\/{rel}","templated":true}]}}