{"id":23978,"date":"2021-02-23T21:52:55","date_gmt":"2021-02-24T03:52:55","guid":{"rendered":"http:\/\/www.zonaroja.com.mx\/?p=23978"},"modified":"2021-02-23T21:53:00","modified_gmt":"2021-02-24T03:53:00","slug":"otro-dia-fatal-del-covid-en-oaxaca-31-muertes-251-contagiados","status":"publish","type":"post","link":"https:\/\/zonaroja.com.mx\/?p=23978","title":{"rendered":"Otro d\u00eda fatal del Covid en Oaxaca: 31 muertes 251 contagiados"},"content":{"rendered":"\n<p>Redacci\u00f3n\/Zona Roja.<\/p>\n\n\n\n<p>Oaxaca de Ju\u00e1rez, Oax. 23 de febrero de 2021.- Al corte epidemiol\u00f3gico de este martes 23 de febrero, se han registrado 251 casos nuevos de Covid-19, sumando 39 mil 877 de manera acumulada; as\u00ed como 31 fallecimientos que suman dos mil 842 acumulados.<\/p>\n\n\n\n<p>De acuerdo con un comunicado de los Servicios de Salud de Oaxaca (SSO), se han notificado 62 mil 410 casos,&nbsp; de los cuales 17 mil 893 han sido negativos, hay cuatro mil 640 sospechosos, 36 mil 289 se han recuperado y 746 son casos activos.<\/p>\n\n\n\n<p>La Jurisdicci\u00f3n Sanitaria n\u00famero uno Valles Centrales acumula 27 mil 538 casos confirmados y mil 522 defunciones; Istmo tres mil 303 y 456 fallecimientos; Mixteca tres mil 259 y 262 muertes; Tuxtepec dos mil 432 y 306 p\u00e9rdidas fatales; Costa mil 957 y 183 defunciones, la Sierra mil 388 y 113 fallecimientos.<\/p>\n\n\n\n<p>De los 251 casos nuevos registrados, estos afectan a 78 municipios, siendo el que mayor n\u00famero de casos presenta el de Oaxaca de Ju\u00e1rez con 65, Santa Cruz Xoxocotl\u00e1n 14, Santa Luc\u00eda del Camino 13, Salina Cruz 10, Santa Mar\u00eda Atzompa nueve, San Juan Bautista Tuxtepec ocho, Villa de Etla, San Sebasti\u00e1n Tutla y San Antonio de la Cal seis cada uno; el resto cinco a un caso.<\/p>\n\n\n\n<p>La ocupaci\u00f3n hospitalaria total es del 58.1%, con un total de 15 hospitales al 100 % de su capacidad, la regi\u00f3n con m\u00e1s ocupaci\u00f3n es Valles Centrales con 72%, Mixteca con 52.2%, Istmo 48.5%, Tuxtepec con 43.5%, Costa 41.5% y Sierra 13.3%.<\/p>\n","protected":false},"excerpt":{"rendered":"<p>Redacci\u00f3n\/Zona Roja. Oaxaca de Ju\u00e1rez, Oax. 23 de febrero de 2021.- Al corte epidemiol\u00f3gico de&hellip;<\/p>\n","protected":false},"author":2,"featured_media":23979,"comment_status":"closed","ping_status":"open","sticky":false,"template":"","format":"standard","meta":{"_lmt_disableupdate":"","_lmt_disable":"","_jetpack_memberships_contains_paid_content":false,"footnotes":""},"categories":[109,47],"tags":[1512],"class_list":["post-23978","post","type-post","status-publish","format-standard","has-post-thumbnail","hentry","category-minuto-a-minuto","category-zona-gris","tag-coronavirus-oaxaca"],"jetpack_featured_media_url":"https:\/\/zonaroja.com.mx\/wp-content\/uploads\/2021\/02\/SSO-3.jpeg","jetpack_sharing_enabled":true,"_links":{"self":[{"href":"https:\/\/zonaroja.com.mx\/index.php?rest_route=\/wp\/v2\/posts\/23978","targetHints":{"allow":["GET"]}}],"collection":[{"href":"https:\/\/zonaroja.com.mx\/index.php?rest_route=\/wp\/v2\/posts"}],"about":[{"href":"https:\/\/zonaroja.com.mx\/index.php?rest_route=\/wp\/v2\/types\/post"}],"author":[{"embeddable":true,"href":"https:\/\/zonaroja.com.mx\/index.php?rest_route=\/wp\/v2\/users\/2"}],"replies":[{"embeddable":true,"href":"https:\/\/zonaroja.com.mx\/index.php?rest_route=%2Fwp%2Fv2%2Fcomments&post=23978"}],"version-history":[{"count":1,"href":"https:\/\/zonaroja.com.mx\/index.php?rest_route=\/wp\/v2\/posts\/23978\/revisions"}],"predecessor-version":[{"id":23980,"href":"https:\/\/zonaroja.com.mx\/index.php?rest_route=\/wp\/v2\/posts\/23978\/revisions\/23980"}],"wp:featuredmedia":[{"embeddable":true,"href":"https:\/\/zonaroja.com.mx\/index.php?rest_route=\/wp\/v2\/media\/23979"}],"wp:attachment":[{"href":"https:\/\/zonaroja.com.mx\/index.php?rest_route=%2Fwp%2Fv2%2Fmedia&parent=23978"}],"wp:term":[{"taxonomy":"category","embeddable":true,"href":"https:\/\/zonaroja.com.mx\/index.php?rest_route=%2Fwp%2Fv2%2Fcategories&post=23978"},{"taxonomy":"post_tag","embeddable":true,"href":"https:\/\/zonaroja.com.mx\/index.php?rest_route=%2Fwp%2Fv2%2Ftags&post=23978"}],"curies":[{"name":"wp","href":"https:\/\/api.w.org\/{rel}","templated":true}]}}