{"id":2398,"date":"2019-07-20T18:34:43","date_gmt":"2019-07-20T23:34:43","guid":{"rendered":"http:\/\/www.zonaroja.com.mx\/?p=2398"},"modified":"2019-07-20T18:34:45","modified_gmt":"2019-07-20T23:34:45","slug":"mueren-ocho-personas-en-accidente-carretero-en-via-diaz-ordaz-cuajimoloyas","status":"publish","type":"post","link":"https:\/\/zonaroja.com.mx\/?p=2398","title":{"rendered":"Mueren ocho personas en accidente carretero en v\u00eda D\u00edaz Ordaz-Cuajimoloyas"},"content":{"rendered":"\n<p>Redacci\u00f3n<\/p>\n\n\n\n<p>Oaxaca de Ju\u00e1rez, Oax., 20 de julio de 2019.- Al menos ocho\npersonas, cinco adultos y tres menores de edad, fallecieron este s\u00e1bado por la\nvolcadura de una camioneta en un tramo de la carretera D\u00edaz Ordaz-San Antonio\nCuajimoloyas, Tlacolula, Oaxaca.<\/p>\n\n\n\n<p>El percance ocurri\u00f3 aproximadamente a las 16:00 horas a la\naltura del kil\u00f3metro 10 m\u00e1s 400 de dicho tramo; esto es a unos 40 kil\u00f3metros al\noriente de la ciudad de Oaxaca.<\/p>\n\n\n\n<p>En un barranco se hall\u00f3 una camioneta tipo Chevy, marca\nChevrolet, con placas de circulaci\u00f3n TZF-3892 del estado de Puebla.<\/p>\n\n\n\n<p>De manera preliminar se inform\u00f3 de que los fallecidos son\ndos adultos de 40 y 45 a\u00f1os de edad aproximadamente; tres mujeres de 30, 35 y\n50 a\u00f1os; dos ni\u00f1os, de tres y cuatro a\u00f1os de edad, y una ni\u00f1a de 10 a\u00f1os.<\/p>\n\n\n\n<p>Hasta el momento no se han reportado personas lesionadas.<\/p>\n","protected":false},"excerpt":{"rendered":"<p>Redacci\u00f3n Oaxaca de Ju\u00e1rez, Oax., 20 de julio de 2019.- Al menos ocho personas, cinco&hellip;<\/p>\n","protected":false},"author":2,"featured_media":2399,"comment_status":"closed","ping_status":"open","sticky":false,"template":"","format":"standard","meta":{"_lmt_disableupdate":"","_lmt_disable":"","_jetpack_memberships_contains_paid_content":false,"footnotes":""},"categories":[109,51],"tags":[373],"class_list":["post-2398","post","type-post","status-publish","format-standard","has-post-thumbnail","hentry","category-minuto-a-minuto","category-zona-roja","tag-accidente-diaz-ordaz-cuajimoloyas-ocho-muertos"],"jetpack_featured_media_url":"https:\/\/zonaroja.com.mx\/wp-content\/uploads\/2019\/07\/IMG_1554.jpg","jetpack_sharing_enabled":true,"_links":{"self":[{"href":"https:\/\/zonaroja.com.mx\/index.php?rest_route=\/wp\/v2\/posts\/2398","targetHints":{"allow":["GET"]}}],"collection":[{"href":"https:\/\/zonaroja.com.mx\/index.php?rest_route=\/wp\/v2\/posts"}],"about":[{"href":"https:\/\/zonaroja.com.mx\/index.php?rest_route=\/wp\/v2\/types\/post"}],"author":[{"embeddable":true,"href":"https:\/\/zonaroja.com.mx\/index.php?rest_route=\/wp\/v2\/users\/2"}],"replies":[{"embeddable":true,"href":"https:\/\/zonaroja.com.mx\/index.php?rest_route=%2Fwp%2Fv2%2Fcomments&post=2398"}],"version-history":[{"count":1,"href":"https:\/\/zonaroja.com.mx\/index.php?rest_route=\/wp\/v2\/posts\/2398\/revisions"}],"predecessor-version":[{"id":2400,"href":"https:\/\/zonaroja.com.mx\/index.php?rest_route=\/wp\/v2\/posts\/2398\/revisions\/2400"}],"wp:featuredmedia":[{"embeddable":true,"href":"https:\/\/zonaroja.com.mx\/index.php?rest_route=\/wp\/v2\/media\/2399"}],"wp:attachment":[{"href":"https:\/\/zonaroja.com.mx\/index.php?rest_route=%2Fwp%2Fv2%2Fmedia&parent=2398"}],"wp:term":[{"taxonomy":"category","embeddable":true,"href":"https:\/\/zonaroja.com.mx\/index.php?rest_route=%2Fwp%2Fv2%2Fcategories&post=2398"},{"taxonomy":"post_tag","embeddable":true,"href":"https:\/\/zonaroja.com.mx\/index.php?rest_route=%2Fwp%2Fv2%2Ftags&post=2398"}],"curies":[{"name":"wp","href":"https:\/\/api.w.org\/{rel}","templated":true}]}}