{"id":23981,"date":"2021-02-24T07:56:57","date_gmt":"2021-02-24T13:56:57","guid":{"rendered":"http:\/\/www.zonaroja.com.mx\/?p=23981"},"modified":"2021-02-23T21:59:30","modified_gmt":"2021-02-24T03:59:30","slug":"poder-judicial-de-oaxaca-participa-en-foro-virtual-dialogos-por-la-justicia","status":"publish","type":"post","link":"https:\/\/zonaroja.com.mx\/?p=23981","title":{"rendered":"Poder Judicial de Oaxaca participa en foro virtual \u201cDi\u00e1logos por la justicia\u201d"},"content":{"rendered":"\n<p>Redacci\u00f3n\/Zona Roja.<\/p>\n\n\n\n<p>Oaxaca de Ju\u00e1rez, Oax., 24 de febrero de 2021.- El Poder Judicial de Oaxaca, a trav\u00e9s de la Unidad de Igualdad de G\u00e9nero, particip\u00f3 en el foro virtual \u201cDi\u00e1logos por la justicia: Presentando buenas pr\u00e1cticas en el dictado de las \u00f3rdenes de protecci\u00f3n\u201d, organizado por EQUIS, Justicia para las Mujeres, el Fondo Canad\u00e1 para Iniciativas Locales (FCIL) y la Cooperaci\u00f3n Alemana al Desarrollo Sustentable en M\u00e9xico (GIZ).<\/p>\n\n\n\n<p>El objetivo principal fue generar un espacio horizontal de di\u00e1logo entre los Poderes Judiciales y las organizaciones de la sociedad civil, en torno a la prevenci\u00f3n de la violencia, principalmente, en las \u00f3rdenes de protecci\u00f3n que permiten adoptar diferentes medidas para las mujeres y ni\u00f1as que se encuentren en situaci\u00f3n de violencia, as\u00ed como revisar los retos en torno a este tema.<\/p>\n\n\n\n<p>Con la representaci\u00f3n del presidente del Poder Judicial del Estado, magistrado Eduardo Pinacho S\u00e1nchez, la titular de la Unidad de Igualdad de G\u00e9nero, Sheila S\u00e1nchez L\u00f3pez, destac\u00f3 la importancia de acelerar y contar con procesos transformativos que permitan la real configuraci\u00f3n del acceso efectivo a la justicia, espec\u00edficamente, en casos de violencia de g\u00e9nero.<\/p>\n\n\n\n<p>\u201cEstamos conscientes de que en este camino es necesario la aportaci\u00f3n y cohesi\u00f3n social para transformar y divisar el acceso a la justicia de manera incluyente, generar con ellos marcos interpretativos de perspectiva de g\u00e9nero que permitan la configuraci\u00f3n de los patrones culturales y estereotipos de g\u00e9nero en la entidad federativa, espec\u00edficamente en la tutela judicial\u201d, mencion\u00f3.<\/p>\n\n\n\n<p>Adem\u00e1s, puntualiz\u00f3 la importancia de la construcci\u00f3n del Consejo Consultivo Ciudadano, resultado de la firma de un convenio de colaboraci\u00f3n con EQUIS Justicia para las Mujeres, el cual ha permitido fortalecer el tema de administraci\u00f3n de justicia y crear mecanismos de participaci\u00f3n ciudadana.<\/p>\n\n\n\n<p>En su oportunidad, la codirectora de EQUIS, Justicia para las Mujeres, F\u00e1tima Gamboa, enfatiz\u00f3 que celebrar este tipo de di\u00e1logos son justamente, ejercicios de justicia abierta necesarios y urgentes que se tienen que dar en M\u00e9xico, debido a la exacerbaci\u00f3n de casos de violencia por la crisis sanitaria.<\/p>\n\n\n\n<p>En el foro virtual \u201cDi\u00e1logos por la justicia: Presentando buenas pr\u00e1cticas en el dictado de las \u00f3rdenes de protecci\u00f3n\u201d, representantes de los Poderes Judiciales de Coahuila, Jalisco, Oaxaca y Yucat\u00e1n, analizaron con organizaciones de la sociedad civil estrategias para fortalecer este tema en atenci\u00f3n a las mujeres, ni\u00f1as y ni\u00f1os.<\/p>\n","protected":false},"excerpt":{"rendered":"<p>Redacci\u00f3n\/Zona Roja. Oaxaca de Ju\u00e1rez, Oax., 24 de febrero de 2021.- El Poder Judicial de&hellip;<\/p>\n","protected":false},"author":2,"featured_media":23982,"comment_status":"closed","ping_status":"open","sticky":false,"template":"","format":"standard","meta":{"_lmt_disableupdate":"","_lmt_disable":"","_jetpack_memberships_contains_paid_content":false,"footnotes":""},"categories":[109,46],"tags":[223],"class_list":["post-23981","post","type-post","status-publish","format-standard","has-post-thumbnail","hentry","category-minuto-a-minuto","category-zona-blanca","tag-poder-judicial-de-oaxaca"],"jetpack_featured_media_url":"https:\/\/zonaroja.com.mx\/wp-content\/uploads\/2021\/02\/Equis-Justicia_Mesa-de-trabajo-1.jpg","jetpack_sharing_enabled":true,"_links":{"self":[{"href":"https:\/\/zonaroja.com.mx\/index.php?rest_route=\/wp\/v2\/posts\/23981","targetHints":{"allow":["GET"]}}],"collection":[{"href":"https:\/\/zonaroja.com.mx\/index.php?rest_route=\/wp\/v2\/posts"}],"about":[{"href":"https:\/\/zonaroja.com.mx\/index.php?rest_route=\/wp\/v2\/types\/post"}],"author":[{"embeddable":true,"href":"https:\/\/zonaroja.com.mx\/index.php?rest_route=\/wp\/v2\/users\/2"}],"replies":[{"embeddable":true,"href":"https:\/\/zonaroja.com.mx\/index.php?rest_route=%2Fwp%2Fv2%2Fcomments&post=23981"}],"version-history":[{"count":1,"href":"https:\/\/zonaroja.com.mx\/index.php?rest_route=\/wp\/v2\/posts\/23981\/revisions"}],"predecessor-version":[{"id":23983,"href":"https:\/\/zonaroja.com.mx\/index.php?rest_route=\/wp\/v2\/posts\/23981\/revisions\/23983"}],"wp:featuredmedia":[{"embeddable":true,"href":"https:\/\/zonaroja.com.mx\/index.php?rest_route=\/wp\/v2\/media\/23982"}],"wp:attachment":[{"href":"https:\/\/zonaroja.com.mx\/index.php?rest_route=%2Fwp%2Fv2%2Fmedia&parent=23981"}],"wp:term":[{"taxonomy":"category","embeddable":true,"href":"https:\/\/zonaroja.com.mx\/index.php?rest_route=%2Fwp%2Fv2%2Fcategories&post=23981"},{"taxonomy":"post_tag","embeddable":true,"href":"https:\/\/zonaroja.com.mx\/index.php?rest_route=%2Fwp%2Fv2%2Ftags&post=23981"}],"curies":[{"name":"wp","href":"https:\/\/api.w.org\/{rel}","templated":true}]}}