{"id":23984,"date":"2021-02-24T07:47:02","date_gmt":"2021-02-24T13:47:02","guid":{"rendered":"http:\/\/www.zonaroja.com.mx\/?p=23984"},"modified":"2021-02-24T07:47:05","modified_gmt":"2021-02-24T13:47:05","slug":"van-dos-profesores-de-unistmo-detenidos-por-abuso-sexual-y-no-reinstalan-a-catedratica","status":"publish","type":"post","link":"https:\/\/zonaroja.com.mx\/?p=23984","title":{"rendered":"Van dos profesores de Unistmo detenidos por abuso sexual\u2026 y no reinstalan a catedr\u00e1tica"},"content":{"rendered":"\n<p>Redacci\u00f3n\/Zona Roja.<\/p>\n\n\n\n<p>Oaxaca de Ju\u00e1rez, Oax., 24 de febrero de 2021.- Un segundo catedr\u00e1tico fue vinculado a proceso por un juez de la causa, por delitos de abuso sexual cometidos contra una alumna en la Universidad del Istmo, campus Ciudad Ixtepec.<\/p>\n\n\n\n<p>Pese a ello, la activista y profesora que inici\u00f3 las denuncias, Virginia Ilescas Vela, no ha sido reinstalada en su cargo, tras ser cesada como catedr\u00e1tica el pasado 13 de noviembre.<\/p>\n\n\n\n<p>Ayer en un comunicado, la Fiscal\u00eda General del Estado de Oaxaca (FGEO), inform\u00f3 que fue vinculado a proceso al masculino J. G. V. C., quien se desempe\u00f1aba como profesor de la Universidad del Istmo (Unistmo)-Campus Ixtepec y se\u00f1alado como probable responsable del delito de abuso sexual en agravio de una joven estudiante de esa instituci\u00f3n, cometido en los meses de septiembre y octubre de 2019.<\/p>\n\n\n\n<p>De acuerdo con la carpeta de investigaci\u00f3n 9631\/FIST\/IXTEPEC\/2020, en distintas fechas de los meses de septiembre y octubre de 2019, la joven universitaria fue v\u00edctima de abuso sexual probablemente por el imputado, quien tras ser denunciando ante la Fiscal\u00eda General, fue presentado ante la autoridad judicial correspondiente.<\/p>\n\n\n\n<p>\u201cAnte estos hechos, la Fiscal\u00eda General del Estado &#8211;a trav\u00e9s de la Vicefiscal\u00eda Regional del Istmo&#8211; recab\u00f3 los datos de prueba necesarios para oportunamente solicitar al Juez la cita para comunicar la imputaci\u00f3n y el correspondiente auto de vinculaci\u00f3n a proceso en contra del imputado, el cual fue concedido por el Juez, otorgando un mes para el cierre de investigaci\u00f3n\u201d, expuso en el comunicado.<\/p>\n\n\n\n<p>Detall\u00f3 que en septiembre de 2020, tambi\u00e9n fue vinculado a proceso otro profesor identificado como S. (Silvio) F. A. E., acusado tambi\u00e9n por este mismo delito cometido contra una estudiante de esa misma universidad.<\/p>\n\n\n\n<p>De acuerdo con la catedr\u00e1tica Virginia Ilescas, hasta ahora el gobierno estatal ha protegido a al vicerrector de la Unistmo, Israel Flores Sandoval; a &nbsp;Cora Silvia Bonilla Carre\u00f3n, jefa de carrera de la Licenciatura en Derecho, y a Jos\u00e9 Luis Ayala \u00c1lvarez, abogado general de la instituci\u00f3n; adem\u00e1s, el rector Modesto Seara V\u00e1squez ha guardado silencio al respecto, tolerando los abusos.<\/p>\n","protected":false},"excerpt":{"rendered":"<p>Redacci\u00f3n\/Zona Roja. Oaxaca de Ju\u00e1rez, Oax., 24 de febrero de 2021.- Un segundo catedr\u00e1tico fue&hellip;<\/p>\n","protected":false},"author":2,"featured_media":9869,"comment_status":"closed","ping_status":"open","sticky":false,"template":"","format":"standard","meta":{"_lmt_disableupdate":"","_lmt_disable":"","_jetpack_memberships_contains_paid_content":false,"footnotes":""},"categories":[109,47],"tags":[1509],"class_list":["post-23984","post","type-post","status-publish","format-standard","has-post-thumbnail","hentry","category-minuto-a-minuto","category-zona-gris","tag-acoso-universidad-del-istmo-oaxaca"],"jetpack_featured_media_url":"https:\/\/zonaroja.com.mx\/wp-content\/uploads\/2020\/03\/Unistmo-Ixtepec.jpg","jetpack_sharing_enabled":true,"_links":{"self":[{"href":"https:\/\/zonaroja.com.mx\/index.php?rest_route=\/wp\/v2\/posts\/23984","targetHints":{"allow":["GET"]}}],"collection":[{"href":"https:\/\/zonaroja.com.mx\/index.php?rest_route=\/wp\/v2\/posts"}],"about":[{"href":"https:\/\/zonaroja.com.mx\/index.php?rest_route=\/wp\/v2\/types\/post"}],"author":[{"embeddable":true,"href":"https:\/\/zonaroja.com.mx\/index.php?rest_route=\/wp\/v2\/users\/2"}],"replies":[{"embeddable":true,"href":"https:\/\/zonaroja.com.mx\/index.php?rest_route=%2Fwp%2Fv2%2Fcomments&post=23984"}],"version-history":[{"count":1,"href":"https:\/\/zonaroja.com.mx\/index.php?rest_route=\/wp\/v2\/posts\/23984\/revisions"}],"predecessor-version":[{"id":23985,"href":"https:\/\/zonaroja.com.mx\/index.php?rest_route=\/wp\/v2\/posts\/23984\/revisions\/23985"}],"wp:featuredmedia":[{"embeddable":true,"href":"https:\/\/zonaroja.com.mx\/index.php?rest_route=\/wp\/v2\/media\/9869"}],"wp:attachment":[{"href":"https:\/\/zonaroja.com.mx\/index.php?rest_route=%2Fwp%2Fv2%2Fmedia&parent=23984"}],"wp:term":[{"taxonomy":"category","embeddable":true,"href":"https:\/\/zonaroja.com.mx\/index.php?rest_route=%2Fwp%2Fv2%2Fcategories&post=23984"},{"taxonomy":"post_tag","embeddable":true,"href":"https:\/\/zonaroja.com.mx\/index.php?rest_route=%2Fwp%2Fv2%2Ftags&post=23984"}],"curies":[{"name":"wp","href":"https:\/\/api.w.org\/{rel}","templated":true}]}}