{"id":23986,"date":"2021-02-24T08:00:45","date_gmt":"2021-02-24T14:00:45","guid":{"rendered":"http:\/\/www.zonaroja.com.mx\/?p=23986"},"modified":"2021-02-24T08:00:47","modified_gmt":"2021-02-24T14:00:47","slug":"clases-presenciales-seguiran-suspendidas-en-oaxaca-solo-virtuales","status":"publish","type":"post","link":"https:\/\/zonaroja.com.mx\/?p=23986","title":{"rendered":"Clases presenciales seguir\u00e1n suspendidas en Oaxaca; s\u00f3lo virtuales"},"content":{"rendered":"\n<p>Redacci\u00f3n\/Zona Roja.<\/p>\n\n\n\n<p>Oaxaca de Ju\u00e1rez, Oax., 24 de febrero de 2021.- En Oaxaca el regreso presencial a clases, en escuelas p\u00fablicas y privadas, ser\u00e1 hasta que haya condiciones de salud, en consenso con el magisterio, autoridades, madres y padres de familia.<\/p>\n\n\n\n<p>As\u00ed lo inform\u00f3 el Instituto Estatal de Educaci\u00f3n P\u00fablica de Oaxaca (IEEPO), que reiter\u00f3 que el acuerdo es con apego a la informaci\u00f3n emitida por el Consejo de Salubridad General.<\/p>\n\n\n\n<p>En un comunicado de prensa, expuso que para el Gobierno del Estado la prioridad es proteger la salud y la vida de escolares, del personal educativo y sus familias.<\/p>\n\n\n\n<p>\u201cPor lo tanto, las actividades presenciales en escuelas de educaci\u00f3n b\u00e1sica quedan suspendidas hasta nuevo aviso por parte de la autoridad educativa federal y estatal, determinaci\u00f3n supeditada, en primer lugar, a lo que determine la autoridad de salud.<\/p>\n\n\n\n<p>\u201cEl instituto hace un llamado para que en la realizaci\u00f3n de tr\u00e1mites de pre inscripci\u00f3n se prioricen los procedimientos a distancia y el extremo cuidado de las medidas sanitarias, para lo cual mediante la circular SGE.DPE\/0001\/2021 se acord\u00f3 que el tr\u00e1mite se realice por medios digitales, a distancia, incluyendo el correo convencional, correo electr\u00f3nico, mensaje de texto, WhatsApp o Buz\u00f3n Escolar\u201d, detall\u00f3.<\/p>\n\n\n\n<p>Indic\u00f3 que derivado de la ampliaci\u00f3n de plazos otorgada por la Secretar\u00eda de Educaci\u00f3n P\u00fablica (SEP), el per\u00edodo de pre inscripciones de educaci\u00f3n b\u00e1sica para el ciclo escolar 2021-2022 se ampli\u00f3 del 2 de febrero al 30 de abril de 2021, determinaci\u00f3n dada a conocer por el IEEPO a trav\u00e9s de la circular SGE.DPE\/0002\/2021.<\/p>\n","protected":false},"excerpt":{"rendered":"<p>Redacci\u00f3n\/Zona Roja. Oaxaca de Ju\u00e1rez, Oax., 24 de febrero de 2021.- En Oaxaca el regreso&hellip;<\/p>\n","protected":false},"author":2,"featured_media":9909,"comment_status":"closed","ping_status":"open","sticky":false,"template":"","format":"standard","meta":{"_lmt_disableupdate":"","_lmt_disable":"","_jetpack_memberships_contains_paid_content":false,"footnotes":""},"categories":[109,46],"tags":[599],"class_list":["post-23986","post","type-post","status-publish","format-standard","has-post-thumbnail","hentry","category-minuto-a-minuto","category-zona-blanca","tag-instituto-estatal-de-educacion-publica-de-oaxaca"],"jetpack_featured_media_url":"https:\/\/zonaroja.com.mx\/wp-content\/uploads\/2020\/03\/Sal\u00f3n-de-clases-vac\u00edo.jpg","jetpack_sharing_enabled":true,"_links":{"self":[{"href":"https:\/\/zonaroja.com.mx\/index.php?rest_route=\/wp\/v2\/posts\/23986","targetHints":{"allow":["GET"]}}],"collection":[{"href":"https:\/\/zonaroja.com.mx\/index.php?rest_route=\/wp\/v2\/posts"}],"about":[{"href":"https:\/\/zonaroja.com.mx\/index.php?rest_route=\/wp\/v2\/types\/post"}],"author":[{"embeddable":true,"href":"https:\/\/zonaroja.com.mx\/index.php?rest_route=\/wp\/v2\/users\/2"}],"replies":[{"embeddable":true,"href":"https:\/\/zonaroja.com.mx\/index.php?rest_route=%2Fwp%2Fv2%2Fcomments&post=23986"}],"version-history":[{"count":1,"href":"https:\/\/zonaroja.com.mx\/index.php?rest_route=\/wp\/v2\/posts\/23986\/revisions"}],"predecessor-version":[{"id":23987,"href":"https:\/\/zonaroja.com.mx\/index.php?rest_route=\/wp\/v2\/posts\/23986\/revisions\/23987"}],"wp:featuredmedia":[{"embeddable":true,"href":"https:\/\/zonaroja.com.mx\/index.php?rest_route=\/wp\/v2\/media\/9909"}],"wp:attachment":[{"href":"https:\/\/zonaroja.com.mx\/index.php?rest_route=%2Fwp%2Fv2%2Fmedia&parent=23986"}],"wp:term":[{"taxonomy":"category","embeddable":true,"href":"https:\/\/zonaroja.com.mx\/index.php?rest_route=%2Fwp%2Fv2%2Fcategories&post=23986"},{"taxonomy":"post_tag","embeddable":true,"href":"https:\/\/zonaroja.com.mx\/index.php?rest_route=%2Fwp%2Fv2%2Ftags&post=23986"}],"curies":[{"name":"wp","href":"https:\/\/api.w.org\/{rel}","templated":true}]}}