{"id":23989,"date":"2021-02-24T14:20:17","date_gmt":"2021-02-24T20:20:17","guid":{"rendered":"https:\/\/www.zonaroja.com.mx\/?p=23989"},"modified":"2021-02-24T14:20:22","modified_gmt":"2021-02-24T20:20:22","slug":"acusa-fpr-seis-meses-sin-justicia-para-tomas-martinez-pide-renuncia-de-fiscal","status":"publish","type":"post","link":"https:\/\/zonaroja.com.mx\/?p=23989","title":{"rendered":"Acusa FPR seis meses sin justicia para Tom\u00e1s Mart\u00ednez; pide renuncia de fiscal"},"content":{"rendered":"\n<p class=\"MsoNormal\">Evlin Arag\u00f3n\/Zona Roja. <\/p>\n\n\n\n<p class=\"MsoNormal\">Oaxaca de Ju\u00e1rez, Oax., 24 de febrero de 2021.- \u201cSeis meses han pasado desde el cobarde asesinato del camarada Tom\u00e1s Mart\u00ednez Pinacho y los autores materiales e intelectuales del crimen de Estado siguen en la impunidad\u201d. <\/p>\n\n\n\n<p class=\"MsoNormal\">Son las palabras del l\u00edder del Frente Popular Revolucionario (FPR), Macario Otalo Padilla, quien en compa\u00f1\u00eda de militantes de esa y otras organizaciones m, se manifestaron <a href=\"\/\/0\">este mi\u00e9rcoles<\/a>a las afueras de la Fiscal\u00eda General de Justicia de Oaxaca, en San Antonio de l Cal, para exigir al titular Rub\u00e9n Vasconcelos M\u00e9ndez, dejar de dilatar el caso. <\/p>\n\n\n\n<p class=\"MsoNormal\">En conferencia de prensa, indic\u00f3 que la falta de sanci\u00f3n para los autores materiales e intelectuales del asesinato convierte a la Fiscal\u00eda y sus funcionarios en c\u00f3mplices por omisi\u00f3n, adem\u00e1s que evidenciar\u00eda el pacto que sostienen con los criminales en Oaxaca.  <\/p>\n\n\n\n<p class=\"MsoNormal\">Y es que, aunque se dio a conocer la detenci\u00f3n de una persona por el crimen, en reiteradas ocasiones han solicitado reuni\u00f3n con el fiscal Rub\u00e9n Vasconcelos para conocer m\u00e1s del tema, sin embargo, el funcionario se ha negado a recibirlos e informar los avances de las investigaciones.&nbsp;<\/p>\n\n\n\n<p class=\"MsoNormal\">\u201cTal parece que a los de la Fiscal\u00eda se los trago la tierra, se hicieron ojo de hormiga y no los vemos por ning\u00fan lado. Las agresiones siguen, lo que nos hace pensar que al detenido lo quieran dejar en libertad en los pr\u00f3ximos d\u00eda\u201d, dijo.&nbsp;&nbsp;<\/p>\n\n\n\n<p class=\"MsoNormal\">Por lo anterior, manifest\u00f3 que el \u00fanico camino que est\u00e1n dejando a las organizaciones es pedir la salida del fiscal, toda vez que no resuelve nada y por el contrario contin\u00faan las omisiones y la impunidad en la entidad.&nbsp;&nbsp;<\/p>\n\n\n\n<p class=\"MsoNormal\">De igual forma, el dirigente del FPR  asegur\u00f3 que los asesinatos de l\u00edderes sociales forman parte de una pol\u00edtica de Estado para callar las voces disidentes, las cuales se oponen a proyectos de muerte que \u00fanicamente traer\u00e1n afectaciones para quienes menos tienen.  <\/p>\n\n\n\n<p class=\"MsoNormal\">\u201cEl asesinato pol\u00edtico de nuestro compa\u00f1ero se enmarca en la lucha consecuente que abander\u00f3 en la Sierra Sur, tanto por el beneficio de las comunidades como por la defensa de la educaci\u00f3n p\u00fablica, por vivienda para los necesitados y en contra de la imposici\u00f3n de la miner\u00eda.&nbsp;&nbsp;<\/p>\n\n\n\n<p class=\"MsoNormal\">Por ello responsabilizaron al gobernador de Oaxaca, Alejandro Murat Hinojosa y toda su estructura de gobierno de cualquier agresi\u00f3n de la cual puedan ser objeto como integrantes del movimiento social en la entidad.&nbsp;&nbsp;<\/p>\n\n\n\n<p class=\"MsoNormal\">Otalo Padilla manifest\u00f3 que la lucha de justicia del FPR es a\u00f1eja y no por eso deja de tener vigencia, prueba de ello es la insistencia de aparici\u00f3n con vida del profesor de educaci\u00f3n primaria Modesto Patolzin Moicen, quien hace treinta y tres a\u00f1os fue secuestrado y desaparecido por agentes del PRI-Gobierno y de Vanguardia Revolucionaria del SNTE. <\/p>\n\n\n\n<p class=\"MsoNormal\">\u201cEstamos aqu\u00ed exigiendo la aparici\u00f3n con vida del profesor de educaci\u00f3n primaria Modesto Patolzin Moicen, desaparecido hace treinta y tres a\u00f1os y por la presentaci\u00f3n de todos los desaparecidos\u201d, refiri\u00f3.  <\/p>\n","protected":false},"excerpt":{"rendered":"<p>Evlin Arag\u00f3n\/Zona Roja. Oaxaca de Ju\u00e1rez, Oax., 24 de febrero de 2021.- \u201cSeis meses han&hellip;<\/p>\n","protected":false},"author":2,"featured_media":23988,"comment_status":"closed","ping_status":"open","sticky":false,"template":"","format":"standard","meta":{"_lmt_disableupdate":"","_lmt_disable":"","_jetpack_memberships_contains_paid_content":false,"footnotes":""},"categories":[109,47],"tags":[1687],"class_list":["post-23989","post","type-post","status-publish","format-standard","has-post-thumbnail","hentry","category-minuto-a-minuto","category-zona-gris","tag-frente-popular-revolucionario-fpr"],"jetpack_featured_media_url":"https:\/\/zonaroja.com.mx\/wp-content\/uploads\/2021\/02\/f2ddda37-ad87-42af-8095-e687e2d8abf0.jpg","jetpack_sharing_enabled":true,"_links":{"self":[{"href":"https:\/\/zonaroja.com.mx\/index.php?rest_route=\/wp\/v2\/posts\/23989","targetHints":{"allow":["GET"]}}],"collection":[{"href":"https:\/\/zonaroja.com.mx\/index.php?rest_route=\/wp\/v2\/posts"}],"about":[{"href":"https:\/\/zonaroja.com.mx\/index.php?rest_route=\/wp\/v2\/types\/post"}],"author":[{"embeddable":true,"href":"https:\/\/zonaroja.com.mx\/index.php?rest_route=\/wp\/v2\/users\/2"}],"replies":[{"embeddable":true,"href":"https:\/\/zonaroja.com.mx\/index.php?rest_route=%2Fwp%2Fv2%2Fcomments&post=23989"}],"version-history":[{"count":1,"href":"https:\/\/zonaroja.com.mx\/index.php?rest_route=\/wp\/v2\/posts\/23989\/revisions"}],"predecessor-version":[{"id":23990,"href":"https:\/\/zonaroja.com.mx\/index.php?rest_route=\/wp\/v2\/posts\/23989\/revisions\/23990"}],"wp:featuredmedia":[{"embeddable":true,"href":"https:\/\/zonaroja.com.mx\/index.php?rest_route=\/wp\/v2\/media\/23988"}],"wp:attachment":[{"href":"https:\/\/zonaroja.com.mx\/index.php?rest_route=%2Fwp%2Fv2%2Fmedia&parent=23989"}],"wp:term":[{"taxonomy":"category","embeddable":true,"href":"https:\/\/zonaroja.com.mx\/index.php?rest_route=%2Fwp%2Fv2%2Fcategories&post=23989"},{"taxonomy":"post_tag","embeddable":true,"href":"https:\/\/zonaroja.com.mx\/index.php?rest_route=%2Fwp%2Fv2%2Ftags&post=23989"}],"curies":[{"name":"wp","href":"https:\/\/api.w.org\/{rel}","templated":true}]}}