{"id":23991,"date":"2021-02-24T18:11:39","date_gmt":"2021-02-25T00:11:39","guid":{"rendered":"http:\/\/www.zonaroja.com.mx\/?p=23991"},"modified":"2021-02-24T18:13:57","modified_gmt":"2021-02-25T00:13:57","slug":"titular-de-semovi-reitera-respeto-a-gremio-transportista-de-oaxaca","status":"publish","type":"post","link":"https:\/\/zonaroja.com.mx\/?p=23991","title":{"rendered":"Titular de Semovi reitera respeto a gremio transportista de Oaxaca"},"content":{"rendered":"\n<p>Redacci\u00f3n\/Zona Roja.<\/p>\n\n\n\n<p>Oaxaca de Ju\u00e1rez, Oax., 24 de febrero de 2021.- La titular de la Secretar\u00eda de Movilidad (Semovi) del gobierno de Oaxaca, Mariana Nassar Pi\u00f1eyro, reiter\u00f3 su respeto y voluntad de trabajo con los transportistas concesionados de la entidad.<\/p>\n\n\n\n<p>Ello ante un audiovideo que circul\u00f3 la ma\u00f1ana de este mi\u00e9rcoles, en que presuntamente la funcionaria profiere palabras impropias durante una conversaci\u00f3n telef\u00f3nica.<\/p>\n\n\n\n<p>\u201cAnte se\u00f1alamientos que circulan en redes sociales, esta secretar\u00eda reitera su respeto, compromiso y trabajo coordinado con los concesionarios, operadores del volante, elementos de la Polic\u00eda Vial y seguridad p\u00fablica\u201d, difundi\u00f3 a trav\u00e9s de las redes sociales de la dependencia.<\/p>\n\n\n\n<figure class=\"wp-block-embed-twitter wp-block-embed is-type-rich is-provider-twitter\"><div class=\"wp-block-embed__wrapper\">\n<div class=\"twitter-tweet\"><blockquote class=\"twitter-tweet\" data-lang=\"es\"><p lang=\"es\" dir=\"ltr\">Posicionamiento <a href=\"https:\/\/t.co\/jy3G1UBHLd\">pic.twitter.com\/jy3G1UBHLd<\/a><\/p>&mdash; Secretar\u00eda de Movilidad GobOax (@SEMOVI_GobOax) <a href=\"https:\/\/twitter.com\/SEMOVI_GobOax\/status\/1364686767236870146?ref_src=twsrc%5Etfw\">24 de febrero de 2021<\/a><\/blockquote><\/div>\n<\/div><\/figure>\n\n\n\n<p>\u201cLa titular Mariana Nassar Pi\u00f1eyro y el equipo de la Semovi reconocen la importancia de la labor que desempe\u00f1an\u201d, recalc\u00f3.<\/p>\n\n\n\n<p>Presuntamente el audio habr\u00eda sido filtrado por transportistas, lo cual ya es investigado por las autoridades correspondientes.<\/p>\n\n\n\n<p>En la entidad oaxaque\u00f1a, principalmente en la regi\u00f3n Valles Centrales, de manera continua los taxistas de la ciudad y de sitios colectivos, se han visto inmiscuidos en diversos conflictos e incluso hechos delictivos.<\/p>\n\n\n\n<p>Apenas hace unos d\u00edas, un grupo de taxistas golpe\u00f3 al reportero Javier Santiago, cuando se dispon\u00eda a cenar con sus amigos en un local de la colonia El Periodista.<\/p>\n\n\n\n<p>Asimismo, se les ha se\u00f1alado de m\u00faltiples irregularidades, al transitar muchos de ellos sin placas de circulaci\u00f3n, con permisos vencidos o sin respetar el cupo oficial, poniendo en riesgo a los usuarios ante contagios de Covid-19.<\/p>\n","protected":false},"excerpt":{"rendered":"<p>Redacci\u00f3n\/Zona Roja. Oaxaca de Ju\u00e1rez, Oax., 24 de febrero de 2021.- La titular de la&hellip;<\/p>\n","protected":false},"author":2,"featured_media":23992,"comment_status":"closed","ping_status":"open","sticky":false,"template":"","format":"standard","meta":{"_lmt_disableupdate":"","_lmt_disable":"","_jetpack_memberships_contains_paid_content":false,"footnotes":""},"categories":[109,46],"tags":[2485,2484],"class_list":["post-23991","post","type-post","status-publish","format-standard","has-post-thumbnail","hentry","category-minuto-a-minuto","category-zona-blanca","tag-mariana-nassar-pineyro","tag-secretaria-de-movilidad-semovi"],"jetpack_featured_media_url":"https:\/\/zonaroja.com.mx\/wp-content\/uploads\/2021\/02\/Mariana-Nassar-Pineyro.jpg","jetpack_sharing_enabled":true,"_links":{"self":[{"href":"https:\/\/zonaroja.com.mx\/index.php?rest_route=\/wp\/v2\/posts\/23991","targetHints":{"allow":["GET"]}}],"collection":[{"href":"https:\/\/zonaroja.com.mx\/index.php?rest_route=\/wp\/v2\/posts"}],"about":[{"href":"https:\/\/zonaroja.com.mx\/index.php?rest_route=\/wp\/v2\/types\/post"}],"author":[{"embeddable":true,"href":"https:\/\/zonaroja.com.mx\/index.php?rest_route=\/wp\/v2\/users\/2"}],"replies":[{"embeddable":true,"href":"https:\/\/zonaroja.com.mx\/index.php?rest_route=%2Fwp%2Fv2%2Fcomments&post=23991"}],"version-history":[{"count":2,"href":"https:\/\/zonaroja.com.mx\/index.php?rest_route=\/wp\/v2\/posts\/23991\/revisions"}],"predecessor-version":[{"id":23994,"href":"https:\/\/zonaroja.com.mx\/index.php?rest_route=\/wp\/v2\/posts\/23991\/revisions\/23994"}],"wp:featuredmedia":[{"embeddable":true,"href":"https:\/\/zonaroja.com.mx\/index.php?rest_route=\/wp\/v2\/media\/23992"}],"wp:attachment":[{"href":"https:\/\/zonaroja.com.mx\/index.php?rest_route=%2Fwp%2Fv2%2Fmedia&parent=23991"}],"wp:term":[{"taxonomy":"category","embeddable":true,"href":"https:\/\/zonaroja.com.mx\/index.php?rest_route=%2Fwp%2Fv2%2Fcategories&post=23991"},{"taxonomy":"post_tag","embeddable":true,"href":"https:\/\/zonaroja.com.mx\/index.php?rest_route=%2Fwp%2Fv2%2Ftags&post=23991"}],"curies":[{"name":"wp","href":"https:\/\/api.w.org\/{rel}","templated":true}]}}