{"id":23998,"date":"2021-02-24T20:05:05","date_gmt":"2021-02-25T02:05:05","guid":{"rendered":"http:\/\/www.zonaroja.com.mx\/?p=23998"},"modified":"2021-02-24T20:05:08","modified_gmt":"2021-02-25T02:05:08","slug":"por-falta-de-vacunas-covid-seccion-35-del-sntsa-para-labores-en-el-istmo","status":"publish","type":"post","link":"https:\/\/zonaroja.com.mx\/?p=23998","title":{"rendered":"Por falta de vacunas Covid, Secci\u00f3n 35 del SNTSA para labores en el Istmo"},"content":{"rendered":"\n<p>Yuridiana Sosa\/Zona Roja.<\/p>\n\n\n\n<p>Oaxaca de Ju\u00e1rez, Oax., 24 de febrero de 2021.- Afiliados a la Secci\u00f3n 35 del Sindicato Nacional de Trabajadores de la Secretar\u00eda de Salud (SNTSA) en la regi\u00f3n del Istmo de Tehuantepec, comenzaron este mi\u00e9rcoles un paro de labores para exigir vacunas para m\u00e1s de mil de sus compa\u00f1eros.<\/p>\n\n\n\n<p>Los afectados, pertenecientes a la Subsecci\u00f3n 02 de la gremial, de los Servicios de Salud de Oaxaca, se instalaron en asamblea permanente ante la falta de respuesta del Gobierno del Estado sobre la aplicaci\u00f3n de la vacuna contra Covid-19, pues no se ha aplicado ni la primera dosis en esta regi\u00f3n.<\/p>\n\n\n\n<p>Luego de varias advertencias sobre esta protesta, que tambi\u00e9n afectar\u00eda a la jornada de vacunaci\u00f3n de los adultos mayores por no unirse a las labores, las 19 delegaciones ratificaron que todos los centros de trabajo de la zona del Istmo se suman al paro.<\/p>\n\n\n\n<p>\u201cLo iniciamos con una medida de protesta a la insensibilidad y falta de compromiso de los Servicios de Salud de Oaxaca con la base trabajadora que, hasta el d\u00eda de hoy, m\u00e1s de 1 605 compa\u00f1eros trabajadores de centros de salud de nuestra regi\u00f3n no se han aplicado la primera dosis de vacuna contra Covid-19\u201d, cita el acuerdo.<\/p>\n\n\n\n<p>A pesar de esta situaci\u00f3n, el secretario de Salud de Oaxaca, Juan Carlos M\u00e1rquez Heine, ha presumido que el 100 por ciento del personal de la primera l\u00ednea de batalla se encuentra vacunado, hasta con la segunda dosis del biol\u00f3gico contra el Covid-19.<\/p>\n","protected":false},"excerpt":{"rendered":"<p>Yuridiana Sosa\/Zona Roja. Oaxaca de Ju\u00e1rez, Oax., 24 de febrero de 2021.- Afiliados a la&hellip;<\/p>\n","protected":false},"author":2,"featured_media":23999,"comment_status":"closed","ping_status":"open","sticky":false,"template":"","format":"standard","meta":{"_lmt_disableupdate":"","_lmt_disable":"","_jetpack_memberships_contains_paid_content":false,"footnotes":""},"categories":[109,47],"tags":[1005],"class_list":["post-23998","post","type-post","status-publish","format-standard","has-post-thumbnail","hentry","category-minuto-a-minuto","category-zona-gris","tag-servicios-de-salud-de-oaxaca-sso"],"jetpack_featured_media_url":"https:\/\/zonaroja.com.mx\/wp-content\/uploads\/2021\/02\/Paro-Istmo-Seccion-35.jpg","jetpack_sharing_enabled":true,"_links":{"self":[{"href":"https:\/\/zonaroja.com.mx\/index.php?rest_route=\/wp\/v2\/posts\/23998","targetHints":{"allow":["GET"]}}],"collection":[{"href":"https:\/\/zonaroja.com.mx\/index.php?rest_route=\/wp\/v2\/posts"}],"about":[{"href":"https:\/\/zonaroja.com.mx\/index.php?rest_route=\/wp\/v2\/types\/post"}],"author":[{"embeddable":true,"href":"https:\/\/zonaroja.com.mx\/index.php?rest_route=\/wp\/v2\/users\/2"}],"replies":[{"embeddable":true,"href":"https:\/\/zonaroja.com.mx\/index.php?rest_route=%2Fwp%2Fv2%2Fcomments&post=23998"}],"version-history":[{"count":1,"href":"https:\/\/zonaroja.com.mx\/index.php?rest_route=\/wp\/v2\/posts\/23998\/revisions"}],"predecessor-version":[{"id":24000,"href":"https:\/\/zonaroja.com.mx\/index.php?rest_route=\/wp\/v2\/posts\/23998\/revisions\/24000"}],"wp:featuredmedia":[{"embeddable":true,"href":"https:\/\/zonaroja.com.mx\/index.php?rest_route=\/wp\/v2\/media\/23999"}],"wp:attachment":[{"href":"https:\/\/zonaroja.com.mx\/index.php?rest_route=%2Fwp%2Fv2%2Fmedia&parent=23998"}],"wp:term":[{"taxonomy":"category","embeddable":true,"href":"https:\/\/zonaroja.com.mx\/index.php?rest_route=%2Fwp%2Fv2%2Fcategories&post=23998"},{"taxonomy":"post_tag","embeddable":true,"href":"https:\/\/zonaroja.com.mx\/index.php?rest_route=%2Fwp%2Fv2%2Ftags&post=23998"}],"curies":[{"name":"wp","href":"https:\/\/api.w.org\/{rel}","templated":true}]}}