{"id":24001,"date":"2021-02-24T20:57:19","date_gmt":"2021-02-25T02:57:19","guid":{"rendered":"http:\/\/www.zonaroja.com.mx\/?p=24001"},"modified":"2021-02-24T20:57:23","modified_gmt":"2021-02-25T02:57:23","slug":"visitan-diputados-de-oaxaca-a-presos-politicos-de-san-agustin-loxicha","status":"publish","type":"post","link":"https:\/\/zonaroja.com.mx\/?p=24001","title":{"rendered":"Visitan diputados de Oaxaca a presos pol\u00edticos de San Agust\u00edn Loxicha"},"content":{"rendered":"\n<p>Redacci\u00f3n\/Zona Roja.<\/p>\n\n\n\n<p>Oaxaca de Ju\u00e1rez, Oax., 24 de febrero 2021.- Activistas ind\u00edgenas privados de su libertad, principalmente de San Agust\u00edn Loxicha, acusaron ayer ser presos pol\u00edticos y permanecer en prisi\u00f3n incluso desde hace m\u00e1s de 10 a\u00f1os, pese a evidentes atropellos a sus derechos humanos, como castigo por oponerse al cacicazgo, la corrupci\u00f3n y la violencia en esa zona de la Costa de Oaxaca.<\/p>\n\n\n\n<p>La denuncia fue formulada a las diputadas presidentas de las comisiones permanentes de Derechos Humanos y de Administraci\u00f3n y Procuraci\u00f3n de Justicia del Congreso del Estado, Magaly L\u00f3pez Dom\u00ednguez y Elisa Zepeda Lagunas, respectivamente, y al diputado Horacio Sosa Villavicencio, quienes a solicitud de los presos acudieron este martes al Centro de Reinserci\u00f3n Social 03 de Miahuatl\u00e1n de Porfirio D\u00edaz, para reunirse con ellos.<\/p>\n\n\n\n<p>Los activistas ind\u00edgenas expusieron que hay cerca de 50 personas detenidas por diversos delitos, principalmente homicidio, que en realidad lo que hicieron fue promover la construcci\u00f3n de escuelas, presionar para la obtenci\u00f3n de agua potable o caminos, o simplemente cuestionar el mal manejo de las sucesivas administraciones municipales que han estado bajo el cacicazgo del ex presidente Oscar Valencia.<\/p>\n\n\n\n<p>Explicaron que han estado detenidos desde hace entre tres y 10 a\u00f1os, sin que hasta el momento conozcan con claridad incluso los hechos que se les imputan o qui\u00e9nes los acusan, pues incluso hay casos en que diversas actuaciones, como testimonios de descargo, han desaparecido de sus expedientes.<\/p>\n\n\n\n<p>La visita de las legisladoras y el legislador fue en respuesta a una solicitud que los presos ind\u00edgenas formularon por escrito, en la que exponen estar injustamente en la c\u00e1rcel, por delitos que no cometieron, algunos ya incluso con sentencia en procesos viciados de origen.<\/p>\n\n\n\n<p>En su intervenci\u00f3n, la diputada Elisa Zepeda Lagunas, presidenta de la Comisi\u00f3n de Administraci\u00f3n y Procuraci\u00f3n de Justicia, se\u00f1al\u00f3 que existe la disposici\u00f3n para acompa\u00f1ar a los presos pol\u00edticos y desde la Comisi\u00f3n que preside se ha solicitado informaci\u00f3n a distintas dependencias, con el fin de que haya justicia efectiva en cada uno de los casos.<\/p>\n\n\n\n<p>En tanto, la legisladora Magaly L\u00f3pez Dom\u00ednguez, presidenta de la Comisi\u00f3n de Derechos Humanos del Congreso de Oaxaca, se\u00f1al\u00f3 que desde el \u00e1mbito legislativo se buscar\u00e1 una respuesta positiva de las instancias correspondientes: \u201cvamos a hacer equipo y buscar una coordinaci\u00f3n con las distintas instancias de justicia\u201d, expres\u00f3.<\/p>\n\n\n\n<p>El diputado Horacio Sosa Villavicencio &#8211;preso pol\u00edtico en el 2006&#8211; les expuso su empat\u00eda y solidaridad con la situaci\u00f3n que actualmente viven, agreg\u00f3 que se har\u00e1 lo posible para dar seguimiento a esta situaci\u00f3n: \u201centendemos su situaci\u00f3n, pondremos nuestro mayor empe\u00f1o en que haya justicia para todos\u201d, se\u00f1al\u00f3.<\/p>\n\n\n\n<p>A la salida del Cereso 03, familiares de los presos pol\u00edticos expresaron a Horacio Sosa Villavicencio, Magaly L\u00f3pez Dom\u00ednguez y Elisa Zepeda Lagunas que adem\u00e1s de la ausencia de una atenci\u00f3n institucional correcta se han enfrentado a funcionarios corruptos, quienes solicitan dinero para revisar los expedientes de sus familiares.<\/p>\n","protected":false},"excerpt":{"rendered":"<p>Redacci\u00f3n\/Zona Roja. Oaxaca de Ju\u00e1rez, Oax., 24 de febrero 2021.- Activistas ind\u00edgenas privados de su&hellip;<\/p>\n","protected":false},"author":2,"featured_media":24003,"comment_status":"closed","ping_status":"open","sticky":false,"template":"","format":"standard","meta":{"_lmt_disableupdate":"","_lmt_disable":"","_jetpack_memberships_contains_paid_content":false,"footnotes":""},"categories":[109,46],"tags":[444],"class_list":["post-24001","post","type-post","status-publish","format-standard","has-post-thumbnail","hentry","category-minuto-a-minuto","category-zona-blanca","tag-horacio-sosa-villavicencio"],"jetpack_featured_media_url":"https:\/\/zonaroja.com.mx\/wp-content\/uploads\/2021\/02\/CERESO-MIAHUATLAN-4-1.jpg","jetpack_sharing_enabled":true,"_links":{"self":[{"href":"https:\/\/zonaroja.com.mx\/index.php?rest_route=\/wp\/v2\/posts\/24001","targetHints":{"allow":["GET"]}}],"collection":[{"href":"https:\/\/zonaroja.com.mx\/index.php?rest_route=\/wp\/v2\/posts"}],"about":[{"href":"https:\/\/zonaroja.com.mx\/index.php?rest_route=\/wp\/v2\/types\/post"}],"author":[{"embeddable":true,"href":"https:\/\/zonaroja.com.mx\/index.php?rest_route=\/wp\/v2\/users\/2"}],"replies":[{"embeddable":true,"href":"https:\/\/zonaroja.com.mx\/index.php?rest_route=%2Fwp%2Fv2%2Fcomments&post=24001"}],"version-history":[{"count":1,"href":"https:\/\/zonaroja.com.mx\/index.php?rest_route=\/wp\/v2\/posts\/24001\/revisions"}],"predecessor-version":[{"id":24004,"href":"https:\/\/zonaroja.com.mx\/index.php?rest_route=\/wp\/v2\/posts\/24001\/revisions\/24004"}],"wp:featuredmedia":[{"embeddable":true,"href":"https:\/\/zonaroja.com.mx\/index.php?rest_route=\/wp\/v2\/media\/24003"}],"wp:attachment":[{"href":"https:\/\/zonaroja.com.mx\/index.php?rest_route=%2Fwp%2Fv2%2Fmedia&parent=24001"}],"wp:term":[{"taxonomy":"category","embeddable":true,"href":"https:\/\/zonaroja.com.mx\/index.php?rest_route=%2Fwp%2Fv2%2Fcategories&post=24001"},{"taxonomy":"post_tag","embeddable":true,"href":"https:\/\/zonaroja.com.mx\/index.php?rest_route=%2Fwp%2Fv2%2Ftags&post=24001"}],"curies":[{"name":"wp","href":"https:\/\/api.w.org\/{rel}","templated":true}]}}