{"id":2401,"date":"2019-07-20T21:38:49","date_gmt":"2019-07-21T02:38:49","guid":{"rendered":"http:\/\/www.zonaroja.com.mx\/?p=2401"},"modified":"2019-07-20T21:38:51","modified_gmt":"2019-07-21T02:38:51","slug":"sabado-sangriento-en-oaxaca-con-12-muertos-dos-ejecutados-uno-era-policia","status":"publish","type":"post","link":"https:\/\/zonaroja.com.mx\/?p=2401","title":{"rendered":"S\u00e1bado sangriento en Oaxaca con 12 muertos; dos ejecutados, uno era polic\u00eda"},"content":{"rendered":"\n<p>Ismael Garc\u00eda M.<\/p>\n\n\n\n<p>Oaxaca de Ju\u00e1rez Oax., 20 de julio de 2019.- A pesar del\noperativo \u201cGuelaguetza Segura\u201d, con el apoyo de la Guardia Nacional, y en v\u00edsperas\ndel primer Lunes del Cerro, Oaxaca registr\u00f3 12 homicidios durante este s\u00e1bado,\ndos de ellos como ejecuciones en Tuxtepec, entre ellos un elemento de la\nPolic\u00eda Vial Estatal.<\/p>\n\n\n\n<p>Alrededor de las 18:30 horas, sobre la avenida Nicol\u00e1s Bravo\nde San Juan Bautista Tuxtepec, un elemento de la Polic\u00eda Vial Estatal fue ejecutado\nen el interior de su patrulla, con n\u00famero econ\u00f3mico 405.<\/p>\n\n\n\n<p>La v\u00edctima fue identificada como Jes\u00fas Gonz\u00e1lez Ochoa, de\naproximadamente 36 a\u00f1os de edad y quien hab\u00eda sido dirigente del sindicato \u201c12\nde Julio\u201d del ayuntamiento de esa ciudad; se desconoce el m\u00f3vil como los\nsujetos que lo asesinaron y no hay personas detenidas.<\/p>\n\n\n\n<p>Por la ma\u00f1ana, en la calle Hidalgo de la comunidad Ejido San\nBartolo, de San Juan Bautista Tuxtepec, fue ultimado a balazos un hombre de\noficio carnicero, quien hasta esta noche no hab\u00eda sido identificado legalmente.<\/p>\n\n\n\n<p>En la regi\u00f3n Valles Centrales, ocurri\u00f3 un accidente\ncarretero en que una camioneta marca Chevrolet, tipo Chevy, con placas TZF-3892,\nvolc\u00f3 a una hondonada, en el tramo carretero D\u00edaz Ordaz-Cuajimoloyas, distrito\nde Tlacolula; el saldo fue de ocho personas fallecidas, todas integrantes de\nuna familia, entre ellas tres menores de edad.<\/p>\n\n\n\n<p>Tambi\u00e9n en la ma\u00f1ana pero en la ciudad de Oaxaca, un\nmotociclista perdi\u00f3 la vida, al impactar su unidad con otro veh\u00edculo similar,\nsobre la calla Manuel Sabino Crespo; otro m\u00e1s result\u00f3 lesionado y ambos no han\nsido identificados formalmente.<\/p>\n\n\n\n<p>En la regi\u00f3n del Istmo de Tehuantepec, la tarde de este s\u00e1bado\nse registr\u00f3 un percance vial en la carretera federal tramo La Ventosa-La Venta,\nJuchit\u00e1n de Zaragoza; en el interior de la camioneta accidentada perdi\u00f3 la vida\nel chofer, de nombre Francisco L., originario de Uni\u00f3n Hidalgo, mientras que\nuna femenina y un menor de edad fueron trasladados a un hospital.<\/p>\n","protected":false},"excerpt":{"rendered":"<p>Ismael Garc\u00eda M. Oaxaca de Ju\u00e1rez Oax., 20 de julio de 2019.- A pesar del&hellip;<\/p>\n","protected":false},"author":2,"featured_media":2402,"comment_status":"closed","ping_status":"open","sticky":false,"template":"","format":"standard","meta":{"_lmt_disableupdate":"","_lmt_disable":"","_jetpack_memberships_contains_paid_content":false,"footnotes":""},"categories":[109,51],"tags":[374,375],"class_list":["post-2401","post","type-post","status-publish","format-standard","has-post-thumbnail","hentry","category-minuto-a-minuto","category-zona-roja","tag-12-homicidios-en-oaxaca-durante-el-sabado","tag-un-policia-vial-ejecutado"],"jetpack_featured_media_url":"https:\/\/zonaroja.com.mx\/wp-content\/uploads\/2019\/07\/511185f0-5fc4-42f9-ab9f-1a3d13095eaf.jpg","jetpack_sharing_enabled":true,"_links":{"self":[{"href":"https:\/\/zonaroja.com.mx\/index.php?rest_route=\/wp\/v2\/posts\/2401","targetHints":{"allow":["GET"]}}],"collection":[{"href":"https:\/\/zonaroja.com.mx\/index.php?rest_route=\/wp\/v2\/posts"}],"about":[{"href":"https:\/\/zonaroja.com.mx\/index.php?rest_route=\/wp\/v2\/types\/post"}],"author":[{"embeddable":true,"href":"https:\/\/zonaroja.com.mx\/index.php?rest_route=\/wp\/v2\/users\/2"}],"replies":[{"embeddable":true,"href":"https:\/\/zonaroja.com.mx\/index.php?rest_route=%2Fwp%2Fv2%2Fcomments&post=2401"}],"version-history":[{"count":1,"href":"https:\/\/zonaroja.com.mx\/index.php?rest_route=\/wp\/v2\/posts\/2401\/revisions"}],"predecessor-version":[{"id":2403,"href":"https:\/\/zonaroja.com.mx\/index.php?rest_route=\/wp\/v2\/posts\/2401\/revisions\/2403"}],"wp:featuredmedia":[{"embeddable":true,"href":"https:\/\/zonaroja.com.mx\/index.php?rest_route=\/wp\/v2\/media\/2402"}],"wp:attachment":[{"href":"https:\/\/zonaroja.com.mx\/index.php?rest_route=%2Fwp%2Fv2%2Fmedia&parent=2401"}],"wp:term":[{"taxonomy":"category","embeddable":true,"href":"https:\/\/zonaroja.com.mx\/index.php?rest_route=%2Fwp%2Fv2%2Fcategories&post=2401"},{"taxonomy":"post_tag","embeddable":true,"href":"https:\/\/zonaroja.com.mx\/index.php?rest_route=%2Fwp%2Fv2%2Ftags&post=2401"}],"curies":[{"name":"wp","href":"https:\/\/api.w.org\/{rel}","templated":true}]}}