{"id":24011,"date":"2021-02-25T07:53:18","date_gmt":"2021-02-25T13:53:18","guid":{"rendered":"http:\/\/www.zonaroja.com.mx\/?p=24011"},"modified":"2021-02-25T07:53:28","modified_gmt":"2021-02-25T13:53:28","slug":"respalda-diaz-pantoja-a-la-titular-de-la-semovi-ante-senalamientos","status":"publish","type":"post","link":"https:\/\/zonaroja.com.mx\/?p=24011","title":{"rendered":"Respalda D\u00edaz Pantoja a la titular de la Semovi, ante se\u00f1alamientos"},"content":{"rendered":"\n<p>Redacci\u00f3n\/Zona Roja.<\/p>\n\n\n\n<p>Oaxaca de Ju\u00e1rez, Oax., 25 de La dirigente de la Confederaci\u00f3n \u201cLibertad\u201d de Trabajadores de M\u00e9xico (CTLM), Guadalupe D\u00edaz Pantoja repudi\u00f3 los se\u00f1alamientos en contra de la titular de la Secretar\u00eda de Movilidad (Semovi), Mariana Nassar Pi\u00f1eyro.<\/p>\n\n\n\n<p>Lo anterior en el contexto de la difusi\u00f3n de un audiovideo en que presuntamente la funcionaria se expresa inadecuadamente en contra de transportistas concesionados, concretamente contra taxistas.<\/p>\n\n\n\n<p>Ante ello, D\u00edaz Pantoja se solidariz\u00f3 con Mariana Pi\u00f1eyro:<\/p>\n\n\n\n<p>\u201cMi apoyo total a la secretaria, quien es una servidora p\u00fablica ejemplar. Quien se ofendi\u00f3 es que porque le qued\u00f3 el saco\u201d, puntualiz\u00f3 la l\u00edder de los transportistas quien mostr\u00f3 su respaldo.<\/p>\n\n\n\n<p>Ayer tambi\u00e9n, la Secretar\u00eda de Movilidad difundi\u00f3 un breve comunicado, en que reiter\u00f3 el respeto de la titular de la dependencia y de su equipo de trabajo hacia los transportistas y los elementos de vialidad.<\/p>\n","protected":false},"excerpt":{"rendered":"<p>Redacci\u00f3n\/Zona Roja. Oaxaca de Ju\u00e1rez, Oax., 25 de La dirigente de la Confederaci\u00f3n \u201cLibertad\u201d de&hellip;<\/p>\n","protected":false},"author":2,"featured_media":1914,"comment_status":"closed","ping_status":"open","sticky":false,"template":"","format":"standard","meta":{"_lmt_disableupdate":"","_lmt_disable":"","_jetpack_memberships_contains_paid_content":false,"footnotes":""},"categories":[109,47],"tags":[264,2485],"class_list":["post-24011","post","type-post","status-publish","format-standard","has-post-thumbnail","hentry","category-minuto-a-minuto","category-zona-gris","tag-guadalupe-diaz-pantoja","tag-mariana-nassar-pineyro"],"jetpack_featured_media_url":"https:\/\/zonaroja.com.mx\/wp-content\/uploads\/2019\/06\/Guadalupe-D\u00edaz-Pantoja.jpg","jetpack_sharing_enabled":true,"_links":{"self":[{"href":"https:\/\/zonaroja.com.mx\/index.php?rest_route=\/wp\/v2\/posts\/24011","targetHints":{"allow":["GET"]}}],"collection":[{"href":"https:\/\/zonaroja.com.mx\/index.php?rest_route=\/wp\/v2\/posts"}],"about":[{"href":"https:\/\/zonaroja.com.mx\/index.php?rest_route=\/wp\/v2\/types\/post"}],"author":[{"embeddable":true,"href":"https:\/\/zonaroja.com.mx\/index.php?rest_route=\/wp\/v2\/users\/2"}],"replies":[{"embeddable":true,"href":"https:\/\/zonaroja.com.mx\/index.php?rest_route=%2Fwp%2Fv2%2Fcomments&post=24011"}],"version-history":[{"count":1,"href":"https:\/\/zonaroja.com.mx\/index.php?rest_route=\/wp\/v2\/posts\/24011\/revisions"}],"predecessor-version":[{"id":24012,"href":"https:\/\/zonaroja.com.mx\/index.php?rest_route=\/wp\/v2\/posts\/24011\/revisions\/24012"}],"wp:featuredmedia":[{"embeddable":true,"href":"https:\/\/zonaroja.com.mx\/index.php?rest_route=\/wp\/v2\/media\/1914"}],"wp:attachment":[{"href":"https:\/\/zonaroja.com.mx\/index.php?rest_route=%2Fwp%2Fv2%2Fmedia&parent=24011"}],"wp:term":[{"taxonomy":"category","embeddable":true,"href":"https:\/\/zonaroja.com.mx\/index.php?rest_route=%2Fwp%2Fv2%2Fcategories&post=24011"},{"taxonomy":"post_tag","embeddable":true,"href":"https:\/\/zonaroja.com.mx\/index.php?rest_route=%2Fwp%2Fv2%2Ftags&post=24011"}],"curies":[{"name":"wp","href":"https:\/\/api.w.org\/{rel}","templated":true}]}}