{"id":24016,"date":"2021-02-25T08:05:46","date_gmt":"2021-02-25T14:05:46","guid":{"rendered":"http:\/\/www.zonaroja.com.mx\/?p=24016"},"modified":"2021-02-25T11:52:06","modified_gmt":"2021-02-25T17:52:06","slug":"vuelven-a-capturar-a-el-chivo-ahora-solo-por-presuncion-de-homicidio","status":"publish","type":"post","link":"https:\/\/zonaroja.com.mx\/?p=24016","title":{"rendered":"Vuelven a capturar a \u00abEl Chivo\u00bb, ahora s\u00f3lo por tentativa de homicidio"},"content":{"rendered":"\n<p>Redacci\u00f3n\/Zona Roja.<\/p>\n\n\n\n<p>Oaxaca de Ju\u00e1rez, Oax., 25 de febrero de 2021.- Erick Filiberto J. R.. fue aprehendido por tercera ocasi\u00f3n, pero ahora s\u00f3lo por el delito de tentativa de homicidio. <\/p>\n\n\n\n<p>A quien identifican con el alias de \u201cEl Chivo\u201d, qued\u00f3 ayer a disposici\u00f3n de un juez de control de San Francisco Tanivet, del circuito de Valles Centrales del Poder Judicial de Oaxaca, acusado del delito de tentativa de homicidio cometido en agravio de una persona de la comunidad de la diversidad sexual.<\/p>\n\n\n\n<p>La detenci\u00f3n se realiz\u00f3 ayer en cumplimiento a la orden de aprehensi\u00f3n 144\/2021 por el delito de homicidio calificado en grado de tentativa cometido en agravio de F. M. J. P., que fue librada el 18 de febrero y por lo cual concedieron a los polic\u00edas ingresar a un domicilio en la agencia municipal de San Mart\u00edn Mexic\u00e1pam, ciudad de Oaxaca.<\/p>\n\n\n\n<p>Los hechos ocurrieron a las 18:00 horas del pasado 4 de junio del 2020 en una calle de la colonia Damnificados en el municipio de Santa Cruz Xoxocotl\u00e1n.<br \/>Erick arrib\u00f3 al lugar junto con unas mujeres y quienes empezaron a golpear a dos damas que acompa\u00f1aban a la v\u00edctima-<\/p>\n\n\n\n<p>F.M.J.P. trat\u00f3 de intervenir en la ri\u00f1a entre las mujeres, pero fue cuando \u201cEl Chivo\u201d sac\u00f3 su arma de fuego y dispar\u00f3 en su contra, dej\u00e1ndolo lesionado de gravedad y enseguida se dio a la fuga, seg\u00fan la denuncia asentada. <\/p>\n\n\n\n<p>El lesionado qued\u00f3 encamado en un hospital, donde se recuper\u00f3 y declar\u00f3, as\u00ed como las dos mujeres y por lo cual se libr\u00f3 la orden de aprehensi\u00f3n en contra de Erick Filiberto conocido como \u201cEl Chivo\u201d.<\/p>\n\n\n\n<p>Fue el 12 de febrero del 2021 en que Erick Filiberto, fue liberado por segunda ocasi\u00f3n en el proceso penal que se segu\u00eda en su contra como presunto responsable del delito de homicidio calificado de un crimen ocurrido el 5 de marzo del 2019, debido a la falta de pruebas en su contra.<\/p>\n\n\n\n<p>La primera detenci\u00f3n de Erick fue realizada por los elementos de la Agencia Estatal de Investigaciones el 14 de abril del 2019 al ser acusado del asesinato ocurrido durante el enfrentamiento de integrantes del sindicato CATEM y \u201cLibertad\u201d por la disputa del play\u00f3n de las riberas del r\u00edo \u201cAtoyac\u201d.<\/p>\n\n\n\n<p>Sin embargo, unos meses despu\u00e9s, magistrados del Tribunal Superior de Justicia ordenaron al juez de control dejarlo en libertad y emitir una nueva resoluci\u00f3n, por lo cual lo dejaron libre y despu\u00e9s libraron el mandato judicial.<\/p>\n\n\n\n<p><br \/>Ahora, regres\u00f3 a prisi\u00f3n y se espera que se resuelva su situaci\u00f3n jur\u00eddica.<\/p>\n","protected":false},"excerpt":{"rendered":"<p>Redacci\u00f3n\/Zona Roja. Oaxaca de Ju\u00e1rez, Oax., 25 de febrero de 2021.- Erick Filiberto J. R..&hellip;<\/p>\n","protected":false},"author":2,"featured_media":23337,"comment_status":"closed","ping_status":"open","sticky":false,"template":"","format":"standard","meta":{"_lmt_disableupdate":"","_lmt_disable":"","_jetpack_memberships_contains_paid_content":false,"footnotes":""},"categories":[109,47],"tags":[2433],"class_list":["post-24016","post","type-post","status-publish","format-standard","has-post-thumbnail","hentry","category-minuto-a-minuto","category-zona-gris","tag-erick-filiberto-j-r-el-chivo"],"jetpack_featured_media_url":"https:\/\/zonaroja.com.mx\/wp-content\/uploads\/2021\/02\/Erick-El-Chivo.jpg","jetpack_sharing_enabled":true,"_links":{"self":[{"href":"https:\/\/zonaroja.com.mx\/index.php?rest_route=\/wp\/v2\/posts\/24016","targetHints":{"allow":["GET"]}}],"collection":[{"href":"https:\/\/zonaroja.com.mx\/index.php?rest_route=\/wp\/v2\/posts"}],"about":[{"href":"https:\/\/zonaroja.com.mx\/index.php?rest_route=\/wp\/v2\/types\/post"}],"author":[{"embeddable":true,"href":"https:\/\/zonaroja.com.mx\/index.php?rest_route=\/wp\/v2\/users\/2"}],"replies":[{"embeddable":true,"href":"https:\/\/zonaroja.com.mx\/index.php?rest_route=%2Fwp%2Fv2%2Fcomments&post=24016"}],"version-history":[{"count":4,"href":"https:\/\/zonaroja.com.mx\/index.php?rest_route=\/wp\/v2\/posts\/24016\/revisions"}],"predecessor-version":[{"id":24024,"href":"https:\/\/zonaroja.com.mx\/index.php?rest_route=\/wp\/v2\/posts\/24016\/revisions\/24024"}],"wp:featuredmedia":[{"embeddable":true,"href":"https:\/\/zonaroja.com.mx\/index.php?rest_route=\/wp\/v2\/media\/23337"}],"wp:attachment":[{"href":"https:\/\/zonaroja.com.mx\/index.php?rest_route=%2Fwp%2Fv2%2Fmedia&parent=24016"}],"wp:term":[{"taxonomy":"category","embeddable":true,"href":"https:\/\/zonaroja.com.mx\/index.php?rest_route=%2Fwp%2Fv2%2Fcategories&post=24016"},{"taxonomy":"post_tag","embeddable":true,"href":"https:\/\/zonaroja.com.mx\/index.php?rest_route=%2Fwp%2Fv2%2Ftags&post=24016"}],"curies":[{"name":"wp","href":"https:\/\/api.w.org\/{rel}","templated":true}]}}