{"id":24018,"date":"2021-02-25T08:11:45","date_gmt":"2021-02-25T14:11:45","guid":{"rendered":"http:\/\/www.zonaroja.com.mx\/?p=24018"},"modified":"2021-02-25T10:29:49","modified_gmt":"2021-02-25T16:29:49","slug":"gobernador-engana-con-hospital-movil-de-terapia-intensiva-en-la-cuenca","status":"publish","type":"post","link":"https:\/\/zonaroja.com.mx\/?p=24018","title":{"rendered":"Gobernador enga\u00f1a con Hospital M\u00f3vil de Terapia intensiva en la Cuenca"},"content":{"rendered":"\n<p>Yuridiana Sosa\/Zona Roja.<\/p>\n\n\n\n<p>San Juan Bautista Tuxtepec, Oax., 25 de febrero de 2021.-&nbsp; La Unidad M\u00f3vil de Terapia Intensiva Avanzada que envi\u00f3 el gobierno de Oaxaca para combatir la pandemia de Covid-19 en la regi\u00f3n de la Cuenca, instalada en el Hospital General de Tuxtepec, no cuenta con equipamiento para entrar en operaciones.<\/p>\n\n\n\n<p>As\u00ed lo denunci\u00f3 la Secci\u00f3n 35 del Sindicato Nacional de Trabajadores de la Secretar\u00eda de Salud (SNTSA), en voz del delegado del nosocomio, Marco Antonio Hern\u00e1ndez, quien se\u00f1al\u00f3 que la unidad no se utiliza por falta del equipo m\u00e9dico, pues s\u00f3lo cuenta con camas.<\/p>\n\n\n\n<p>El hospital m\u00f3vil lleg\u00f3 a Tuxtepec, para beneficio de la regi\u00f3n, a inicios de enero de este 2021, con el fin de ofrecer la atenci\u00f3n a pacientes Covid que requer\u00edan ser intubados.<\/p>\n\n\n\n<p>En su m\u00e1s reciente visita a Tuxtepec, el gobernador Alejandro Murat Hinojosa presumi\u00f3 de la entrega de dicha unidad, como un paliativo en lo que se construye el nuevo hospital de los Servicios de Salud de Oaxaca que sustituir\u00e1 al existente.<\/p>\n\n\n\n<p>\u201cMand\u00e9 un hospital m\u00f3vil nuevo en Tuxtepec, mientras hacemos la transici\u00f3n y arranca la construcci\u00f3n del hospital que promet\u00ed y que se va a construir antes que termine mi administraci\u00f3n\u201d, anunci\u00f3.<\/p>\n\n\n\n<p>Pero, adem\u00e1s, el mandatario estatal, en un evento p\u00fablico, ofreci\u00f3 datos que no corresponden a la realidad que viven los trabajadores de salud. \u201cTenemos un hospital m\u00f3vil con 12 camas de cuidado intensivos, nuevo totalmente, con el mejor equipamiento\u201d, presumi\u00f3.<\/p>\n\n\n\n<p>Sin embargo, el delegado de la Secci\u00f3n 35 del SNTSA en el nosocomio, Marco Antonio Hern\u00e1ndez, denunci\u00f3 que el hospital m\u00f3vil no est\u00e1 equipado y es de s\u00f3lo seis camas.<\/p>\n\n\n\n<p>\u201cTenemos suspendida la unidad m\u00f3vil, hace como un mes, el gobierno la envi\u00f3 para atender a pacientes intubados, para darle atenci\u00f3n en esta unidad, pero no est\u00e1 en funcionamiento porque no est\u00e1 equipada, solo la mand\u00f3 el gobierno del estado, con 6 camas, pero no cuenta ventiladores, monitores, bombas de infusi\u00f3n, ni personal operativo\u201d, describi\u00f3.<\/p>\n\n\n\n<p>Por lo que, asever\u00f3 que como sindicato no est\u00e1n en la disposici\u00f3n de atender en esa unidad hasta que el gobierno del estado proporcione el equipo y el recurso humano para ofrecer esos servicios.<\/p>\n","protected":false},"excerpt":{"rendered":"<p>Yuridiana Sosa\/Zona Roja. San Juan Bautista Tuxtepec, Oax., 25 de febrero de 2021.-&nbsp; La Unidad&hellip;<\/p>\n","protected":false},"author":2,"featured_media":24021,"comment_status":"closed","ping_status":"open","sticky":false,"template":"","format":"standard","meta":{"_lmt_disableupdate":"","_lmt_disable":"","_jetpack_memberships_contains_paid_content":false,"footnotes":""},"categories":[109,47],"tags":[],"class_list":["post-24018","post","type-post","status-publish","format-standard","has-post-thumbnail","hentry","category-minuto-a-minuto","category-zona-gris"],"jetpack_featured_media_url":"https:\/\/zonaroja.com.mx\/wp-content\/uploads\/2021\/02\/981d10fd-1d64-4e8c-b144-c7cae0793d02.jpg","jetpack_sharing_enabled":true,"_links":{"self":[{"href":"https:\/\/zonaroja.com.mx\/index.php?rest_route=\/wp\/v2\/posts\/24018","targetHints":{"allow":["GET"]}}],"collection":[{"href":"https:\/\/zonaroja.com.mx\/index.php?rest_route=\/wp\/v2\/posts"}],"about":[{"href":"https:\/\/zonaroja.com.mx\/index.php?rest_route=\/wp\/v2\/types\/post"}],"author":[{"embeddable":true,"href":"https:\/\/zonaroja.com.mx\/index.php?rest_route=\/wp\/v2\/users\/2"}],"replies":[{"embeddable":true,"href":"https:\/\/zonaroja.com.mx\/index.php?rest_route=%2Fwp%2Fv2%2Fcomments&post=24018"}],"version-history":[{"count":1,"href":"https:\/\/zonaroja.com.mx\/index.php?rest_route=\/wp\/v2\/posts\/24018\/revisions"}],"predecessor-version":[{"id":24020,"href":"https:\/\/zonaroja.com.mx\/index.php?rest_route=\/wp\/v2\/posts\/24018\/revisions\/24020"}],"wp:featuredmedia":[{"embeddable":true,"href":"https:\/\/zonaroja.com.mx\/index.php?rest_route=\/wp\/v2\/media\/24021"}],"wp:attachment":[{"href":"https:\/\/zonaroja.com.mx\/index.php?rest_route=%2Fwp%2Fv2%2Fmedia&parent=24018"}],"wp:term":[{"taxonomy":"category","embeddable":true,"href":"https:\/\/zonaroja.com.mx\/index.php?rest_route=%2Fwp%2Fv2%2Fcategories&post=24018"},{"taxonomy":"post_tag","embeddable":true,"href":"https:\/\/zonaroja.com.mx\/index.php?rest_route=%2Fwp%2Fv2%2Ftags&post=24018"}],"curies":[{"name":"wp","href":"https:\/\/api.w.org\/{rel}","templated":true}]}}