{"id":24032,"date":"2021-02-25T18:01:44","date_gmt":"2021-02-26T00:01:44","guid":{"rendered":"http:\/\/www.zonaroja.com.mx\/?p=24032"},"modified":"2021-02-25T18:01:52","modified_gmt":"2021-02-26T00:01:52","slug":"cuelgan-tendedero-de-probables-agresores-sexuales-en-ocotlan-de-morelos","status":"publish","type":"post","link":"https:\/\/zonaroja.com.mx\/?p=24032","title":{"rendered":"Cuelgan tendedero de probables agresores sexuales en Ocotl\u00e1n de Morelos"},"content":{"rendered":"\n<p>Evlin Arag\u00f3n\/Zona Roja.<\/p>\n\n\n\n<p>Oaxaca de Ju\u00e1rez, Oax., 25 de febrero de 2021.- En el marco del \u201cD\u00eda Naranja\u201d, que se conmemora el d\u00eda 25 de cada mes, mujeres que habitan en el municipio de Ocotl\u00e1n de Morelos decidieron hacer p\u00fablica su denuncia, a trav\u00e9s de las redes sociales, en contra de varones que acusan de agresores sexuales.<\/p>\n\n\n\n<p>\u201cTodas las historias son an\u00f3nimas y reales. El acoso y el abuso tambi\u00e9n son cotidianos en Ocotl\u00e1n. \u00bfSeguiremos permitiendo que esto pase? Nosotras no. #DiaNaranja #yosidenuncioamiagresor #YoSiTeCreo\u201d.&nbsp;<\/p>\n\n\n\n<p>As\u00ed se puede observar en las p\u00e1ginas de Facebook \u201cHero\u00ednas de nuestra historia\u201d \u2013organizadora de la actividad- y \u201cMarea Verde Oaxaca\u201d, las cuales difunden un tendedero virtual de acosadores, que incluye las fotograf\u00edas y nombres de los varones se\u00f1alados, adem\u00e1s de testimonios de las mujeres que han sido agredidas.&nbsp;&nbsp;<\/p>\n\n\n\n<p>La actividad tambi\u00e9n se llev\u00f3 a cabo de manera presencial, en el centro de Ocotl\u00e1n, para la cual se hizo una convocatoria desde finales del mes de enero a fin de que las mujeres contaran sus historias, incluso de manera an\u00f3nima.&nbsp;<\/p>\n\n\n\n<p>\u201cCuando ten\u00eda 15 y \u00e9l 26 tuvimos sexo in consentimiento m\u00edo, lo peor sin protecci\u00f3n, al d\u00eda siguiente me oblig\u00f3 a tomarme una pastilla de emergencia. No s\u00f3lo fui yo, desde hace a\u00f1os se ha dedicado a enga\u00f1ar a ni\u00f1as de entre 13 y 17 a\u00f1os para que pierdan la virginidad con \u00e9l. Oliver Amador Mijangos, ese que se la pasa predicando en la iglesia, sigue enga\u00f1ando, violando y humillando ni\u00f1as detr\u00e1s de su casa en un terreno de Venustiano Carranza\u201d.&nbsp;<\/p>\n\n\n\n<p>\u201cEl fot\u00f3grafo de mis XV me oblig\u00f3 a desnudarme, ya que si no lo hac\u00eda iba a cancelar mi sesi\u00f3n de fotos, me tocaba las nalgas y los pechos y me dec\u00eda que me faltaba m\u00e1s, el d\u00eda de mis XV entr\u00f3 a grabar mientras me vest\u00eda y me toco las nalgas, me dio mucho asco y empec\u00e9 a llorar, arruin\u00f3 mi d\u00eda especial\u201d.&nbsp;<\/p>\n\n\n\n<p>\u201cVi a un compa\u00f1ero tocar a mi mejor amiga sin consentimiento. Abus\u00f3 emocional y psicol\u00f3gicamente de otras compa\u00f1era y da\u00f1o su reputaci\u00f3n diciendo mentiras\u201d.&nbsp;<\/p>\n\n\n\n<p>\u201cNo me siento segura caminando en Ocotl\u00e1n, en cualquier lugar hay hombres mirando sugestivamente y a nadie parece importarle\u201d.&nbsp;<\/p>\n\n\n\n<p>\u201cEl que fue mi profesor de m\u00fasica me manipul\u00f3 emocionalmente para que estuviera con \u00e9l, me enamor\u00f3 a los 16 a\u00f1os, cuando \u00e9l ten\u00eda 28. Cuando su pareja lo descubri\u00f3, me culp\u00f3 y me dejo en mal\u201d.&nbsp;<\/p>\n\n\n\n<p>Esas son parte de una larga lista de testimonios de j\u00f3venes que aprovecharon la oportunidad para denunciar lo que por a\u00f1os les ha costado trabajo decir, y ante lo cual muchas se han sentido culpables, a\u00fan sin ser responsables de las agresiones en su contra.<\/p>\n\n\n\n<p>Mientras que en las im\u00e1genes difundidas se pueden leer los nombres de Abraham Garc\u00eda, Oliver Amador, Luis Octavio, Mart\u00edn D\u00edaz, Julio Mendoza, Micky Aguilar, y Pablo Mora, probables acusados de acosadores, abusadores y violadores; as\u00ed como el de la empresa de autotransporte \u201cAutomorsa\u201d a la cual se\u00f1alan de encubrir abusadores.&nbsp;<\/p>\n","protected":false},"excerpt":{"rendered":"<p>Evlin Arag\u00f3n\/Zona Roja. Oaxaca de Ju\u00e1rez, Oax., 25 de febrero de 2021.- En el marco&hellip;<\/p>\n","protected":false},"author":2,"featured_media":24033,"comment_status":"closed","ping_status":"open","sticky":false,"template":"","format":"standard","meta":{"_lmt_disableupdate":"","_lmt_disable":"","_jetpack_memberships_contains_paid_content":false,"footnotes":""},"categories":[109,47],"tags":[835],"class_list":["post-24032","post","type-post","status-publish","format-standard","has-post-thumbnail","hentry","category-minuto-a-minuto","category-zona-gris","tag-ocotlan-de-morelos"],"jetpack_featured_media_url":"https:\/\/zonaroja.com.mx\/wp-content\/uploads\/2021\/02\/Tendedero-acoso-sexual.jpg","jetpack_sharing_enabled":true,"_links":{"self":[{"href":"https:\/\/zonaroja.com.mx\/index.php?rest_route=\/wp\/v2\/posts\/24032","targetHints":{"allow":["GET"]}}],"collection":[{"href":"https:\/\/zonaroja.com.mx\/index.php?rest_route=\/wp\/v2\/posts"}],"about":[{"href":"https:\/\/zonaroja.com.mx\/index.php?rest_route=\/wp\/v2\/types\/post"}],"author":[{"embeddable":true,"href":"https:\/\/zonaroja.com.mx\/index.php?rest_route=\/wp\/v2\/users\/2"}],"replies":[{"embeddable":true,"href":"https:\/\/zonaroja.com.mx\/index.php?rest_route=%2Fwp%2Fv2%2Fcomments&post=24032"}],"version-history":[{"count":1,"href":"https:\/\/zonaroja.com.mx\/index.php?rest_route=\/wp\/v2\/posts\/24032\/revisions"}],"predecessor-version":[{"id":24034,"href":"https:\/\/zonaroja.com.mx\/index.php?rest_route=\/wp\/v2\/posts\/24032\/revisions\/24034"}],"wp:featuredmedia":[{"embeddable":true,"href":"https:\/\/zonaroja.com.mx\/index.php?rest_route=\/wp\/v2\/media\/24033"}],"wp:attachment":[{"href":"https:\/\/zonaroja.com.mx\/index.php?rest_route=%2Fwp%2Fv2%2Fmedia&parent=24032"}],"wp:term":[{"taxonomy":"category","embeddable":true,"href":"https:\/\/zonaroja.com.mx\/index.php?rest_route=%2Fwp%2Fv2%2Fcategories&post=24032"},{"taxonomy":"post_tag","embeddable":true,"href":"https:\/\/zonaroja.com.mx\/index.php?rest_route=%2Fwp%2Fv2%2Ftags&post=24032"}],"curies":[{"name":"wp","href":"https:\/\/api.w.org\/{rel}","templated":true}]}}