{"id":24035,"date":"2021-02-25T18:36:12","date_gmt":"2021-02-26T00:36:12","guid":{"rendered":"http:\/\/www.zonaroja.com.mx\/?p=24035"},"modified":"2021-02-25T18:36:17","modified_gmt":"2021-02-26T00:36:17","slug":"ruta-cinco-presenta-su-fuerza-juvenil-rumbo-a-la-eleccion-2021","status":"publish","type":"post","link":"https:\/\/zonaroja.com.mx\/?p=24035","title":{"rendered":"Ruta Cinco presenta su fuerza juvenil rumbo a la elecci\u00f3n 2021"},"content":{"rendered":"\n<p>Yuridiana Sosa\/Zona Roja.<\/p>\n\n\n\n<p>Oaxaca de Ju\u00e1rez, Oax., 25 de febrero de 2021.- La organizaci\u00f3n ciudadana a nivel nacional Ruta Cinco, integr\u00f3 el Comit\u00e9 Estatal de J\u00f3venes en Oaxaca, el cual ofreci\u00f3 a la poblaci\u00f3n juvenil y en general, apoyos genuinos de desarrollo, as\u00ed como de participaci\u00f3n pol\u00edtica.<\/p>\n\n\n\n<p>Liderados por el secretario de J\u00f3venes, Mauricio Chevalier, el grupo destac\u00f3 que cuentan con un plan de trabajo para empujar en la ruta correcta a los sectores de arte, cultura, gastronom\u00eda, ciencia innovaci\u00f3n; a mujeres, para combatir la violencia y desigualdades, as\u00ed como establecer\u00e1n actividades a favor de la seguridad y protecci\u00f3n ciudadana.<\/p>\n\n\n\n<p>La organizaci\u00f3n tambi\u00e9n resalt\u00f3 tareas en el \u00e1mbito internacional, con la designaci\u00f3n de becarios que viajen al extranjero a compartir y adquirir experiencias, habilidades y estrategias de utilidad para el desarrollo de las comunidades en Oaxaca, entre otras labores.<\/p>\n\n\n\n<figure class=\"wp-block-embed-twitter wp-block-embed is-type-rich is-provider-twitter\"><div class=\"wp-block-embed__wrapper\">\n<div class=\"twitter-tweet\"><blockquote class=\"twitter-tweet\" data-lang=\"es\"><p lang=\"es\" dir=\"ltr\"><a href=\"https:\/\/twitter.com\/hashtag\/ENVIVO?src=hash&amp;ref_src=twsrc%5Etfw\">#ENVIVO<\/a><br>Oaxaca de Ju\u00e1rez, Oax., 25 de febrero de 2021.- Conferencia de prensa de la organizaci\u00f3n <a href=\"https:\/\/twitter.com\/ruta5oficial?ref_src=twsrc%5Etfw\">@ruta5oficial<\/a>, que presenta a Mauricio Chevalier, de la Secretar\u00eda de J\u00f3venes, con la presencia de Macrina Chagoya.<br>Aqu\u00ed la transmisi\u00f3n:<br>\ud83d\udc47<a href=\"https:\/\/t.co\/Af12NFiE6n\">https:\/\/t.co\/Af12NFiE6n<\/a> <a href=\"https:\/\/t.co\/yz5qfc4R9f\">pic.twitter.com\/yz5qfc4R9f<\/a><\/p>&mdash; Zona Roja Oaxaca (@Zona_Roja_Oax) <a href=\"https:\/\/twitter.com\/Zona_Roja_Oax\/status\/1364989455589859328?ref_src=twsrc%5Etfw\">25 de febrero de 2021<\/a><\/blockquote><\/div>\n<\/div><\/figure>\n\n\n\n<p>Durante la presentaci\u00f3n, en la que estuvo Macrina Chagoya, dirigente estatal, dieron a conocer que Ruta Cinco busca la participaci\u00f3n de los j\u00f3venes en la vida pol\u00edtica sin tener una inclinaci\u00f3n partidaria, pero que apoya a los mejores perfiles que buscan un cargo p\u00fablico durante el proceso electoral del 2021.<\/p>\n\n\n\n<p>La organizaci\u00f3n, liderada a nivel nacional por Manuel Espino, ofreci\u00f3 recorrer gran parte de la entidad para llevar el proyecto, al que se pueden sumar cualquier persona con aspiraciones de ayudar, como lo han hecho hasta ahora j\u00f3venes que no cuentan con \u201cherencia pol\u00edtica\u201d, sino que son hijos de ciudadanos comunes que trabajan para salir adelante.<\/p>\n","protected":false},"excerpt":{"rendered":"<p>Yuridiana Sosa\/Zona Roja. Oaxaca de Ju\u00e1rez, Oax., 25 de febrero de 2021.- La organizaci\u00f3n ciudadana&hellip;<\/p>\n","protected":false},"author":2,"featured_media":24036,"comment_status":"closed","ping_status":"open","sticky":false,"template":"","format":"standard","meta":{"_lmt_disableupdate":"","_lmt_disable":"","_jetpack_memberships_contains_paid_content":false,"footnotes":""},"categories":[109,46],"tags":[2488],"class_list":["post-24035","post","type-post","status-publish","format-standard","has-post-thumbnail","hentry","category-minuto-a-minuto","category-zona-blanca","tag-ruta-cinco-oaxaca"],"jetpack_featured_media_url":"https:\/\/zonaroja.com.mx\/wp-content\/uploads\/2021\/02\/Jovenes-Ruta-5.jpg","jetpack_sharing_enabled":true,"_links":{"self":[{"href":"https:\/\/zonaroja.com.mx\/index.php?rest_route=\/wp\/v2\/posts\/24035","targetHints":{"allow":["GET"]}}],"collection":[{"href":"https:\/\/zonaroja.com.mx\/index.php?rest_route=\/wp\/v2\/posts"}],"about":[{"href":"https:\/\/zonaroja.com.mx\/index.php?rest_route=\/wp\/v2\/types\/post"}],"author":[{"embeddable":true,"href":"https:\/\/zonaroja.com.mx\/index.php?rest_route=\/wp\/v2\/users\/2"}],"replies":[{"embeddable":true,"href":"https:\/\/zonaroja.com.mx\/index.php?rest_route=%2Fwp%2Fv2%2Fcomments&post=24035"}],"version-history":[{"count":1,"href":"https:\/\/zonaroja.com.mx\/index.php?rest_route=\/wp\/v2\/posts\/24035\/revisions"}],"predecessor-version":[{"id":24037,"href":"https:\/\/zonaroja.com.mx\/index.php?rest_route=\/wp\/v2\/posts\/24035\/revisions\/24037"}],"wp:featuredmedia":[{"embeddable":true,"href":"https:\/\/zonaroja.com.mx\/index.php?rest_route=\/wp\/v2\/media\/24036"}],"wp:attachment":[{"href":"https:\/\/zonaroja.com.mx\/index.php?rest_route=%2Fwp%2Fv2%2Fmedia&parent=24035"}],"wp:term":[{"taxonomy":"category","embeddable":true,"href":"https:\/\/zonaroja.com.mx\/index.php?rest_route=%2Fwp%2Fv2%2Fcategories&post=24035"},{"taxonomy":"post_tag","embeddable":true,"href":"https:\/\/zonaroja.com.mx\/index.php?rest_route=%2Fwp%2Fv2%2Ftags&post=24035"}],"curies":[{"name":"wp","href":"https:\/\/api.w.org\/{rel}","templated":true}]}}