{"id":24041,"date":"2021-02-25T21:16:23","date_gmt":"2021-02-26T03:16:23","guid":{"rendered":"http:\/\/www.zonaroja.com.mx\/?p=24041"},"modified":"2021-02-25T21:16:27","modified_gmt":"2021-02-26T03:16:27","slug":"celebran-vinculacion-a-proceso-de-segundo-docente-de-la-unistmo","status":"publish","type":"post","link":"https:\/\/zonaroja.com.mx\/?p=24041","title":{"rendered":"Celebran vinculaci\u00f3n a proceso de segundo docente de la Unistmo"},"content":{"rendered":"\n<p>Evlin Arag\u00f3n\/Zona Roja.<\/p>\n\n\n\n<p>Oaxaca de Ju\u00e1rez, Oax., 25 de febrero de 2021.- Virginia Ilescas Vela, ex catedr\u00e1tica de la Universidad del Istmo (Unistmo), campus Ciudad Ixtepec, celebr\u00f3 la vinculaci\u00f3n a proceso de un segundo docente acusado de acoso y hostigamiento sexual en perjuicio de estudiantes de la carrera de Derecho; sin embargo, denunci\u00f3 que la violencia institucional contin\u00faa en su contra.\u00a0<\/p>\n\n\n\n<p>\u201cEs importante esta vinculaci\u00f3n a proceso de los dos profesores de derecho denunciados porque adem\u00e1s de que muestra que hay pruebas suficientes para configurarles estos delitos, dejan claro que hay colusi\u00f3n de autoridades y del rector en las agresiones sexuales y en la protecci\u00f3n a los agresores\u201d, refiri\u00f3 la docente.&nbsp;<\/p>\n\n\n\n<p>En este mismo sentido insisti\u00f3 que las autoridades educativas se han comportado como asociaci\u00f3n delictuosa agravada por tratarse de servidores p\u00fablicos y utilizar recursos del Estado para cometer delitos dentro de las instalaciones, obstaculizar la justicia y proteger a los imputados.&nbsp;&nbsp;<\/p>\n\n\n\n<p>Ilescas Vela detall\u00f3 que la vinculaci\u00f3n a proceso de los dos docentes debe ir acompa\u00f1ada de la destituci\u00f3n de personal administrativo y directivos que defendieron a los agresores que, aunque fueron removidos de sus cargos, se mantienen como personal activo de la instituci\u00f3n.<\/p>\n\n\n\n<p>\u201cHago un llamado nuevamente al gobernador a rectificar y atender de manera urgente la violencia que estamos sufriendo al defender a las v\u00edctimas de violencia sexual en la Unistmo, as\u00ed como separar de los cargos p\u00fablicos a quienes est\u00e9n protegiendo a los agresores sexuales\u201d, indic\u00f3.<\/p>\n\n\n\n<p>Y es que, la tambi\u00e9n docente acus\u00f3 a las autoridades universitarias, encabezadas por Modesto Seara, Israel Flores, Silvia Cora Bonilla, Ulises Gayt\u00e1n, entre otros, de mantener la campa\u00f1a de desprestigio en su contra emitiendo comunicados institucionales y de alumnos donde evidencian su indignaci\u00f3n por la p\u00e9rdida de prestigio que representan las denuncias de acoso sexual para la instituci\u00f3n.<\/p>\n\n\n\n<p>Con lo anterior, demostrando cero empat\u00eda por las v\u00edctimas, a quienes no han atendido, y queriendo hacer creer que no pasa nada al interior del centro escolar, pese a las dos vinculaciones a proceso del mimo n\u00famero de docentes, determinadas por autoridad procuradora de justicia.<\/p>\n\n\n\n<p>Adem\u00e1s de mantener su negativa de reinstalarla al interior del centro educativo, tal y como fue mandatado por el gobernador de Oaxaca, Alejandro Murat Hinojosa, el pasado tres de diciembre, quien de viva voz se comprometi\u00f3 con la docente a reinstalarla a su trabajo y realizar el pago que dejo de percibir cuando fue despedida de manera injusta por defender y dar acompa\u00f1amiento a las estudiantes.<\/p>\n\n\n\n<p>Finalmente denunci\u00f3 que autoridades de las secretarias General de Gobierno y de las Mujeres de Oaxaca, han tratado de presionarla para que acepte un tema laboral en claro apoyo a Modesto Seara con la intenci\u00f3n de ocultar los delitos sexuales ya que ya fueron reconocidos por la autoridad judicial.<\/p>\n\n\n\n<p>\u201cEl gobernador Alejandro Murat y sus funcionarios est\u00e1n incumplimiento la cero tolerancia a la violencia contra las mujeres de Oaxaca. El gobernador y su gabinete est\u00e1n incumpliendo la confianza que solicitaron al asegurar mi reinstalaci\u00f3n y pago de prestaciones\u201d, sentenci\u00f3.&nbsp;<\/p>\n\n\n\n<p>Cabe se\u00f1alar que la segunda vinculaci\u00f3n se da a punto de cumplirse la denuncia p\u00fablica que hicieran las estudiantes en el marco del 8 de marzo, D\u00eda Internacional de la Mujer, cuando llevaron a cabo un tendedero de denuncias en las que evidenciaron la violencia sexual de la cual eran v\u00edctimas.&nbsp;<\/p>\n","protected":false},"excerpt":{"rendered":"<p>Evlin Arag\u00f3n\/Zona Roja. Oaxaca de Ju\u00e1rez, Oax., 25 de febrero de 2021.- Virginia Ilescas Vela,&hellip;<\/p>\n","protected":false},"author":2,"featured_media":20957,"comment_status":"closed","ping_status":"open","sticky":false,"template":"","format":"standard","meta":{"_lmt_disableupdate":"","_lmt_disable":"","_jetpack_memberships_contains_paid_content":false,"footnotes":""},"categories":[109,46],"tags":[2281],"class_list":["post-24041","post","type-post","status-publish","format-standard","has-post-thumbnail","hentry","category-minuto-a-minuto","category-zona-blanca","tag-virginia-ilescas-vela"],"jetpack_featured_media_url":"https:\/\/zonaroja.com.mx\/wp-content\/uploads\/2020\/12\/Virginia-Ilescas-Unitsmo.jpg","jetpack_sharing_enabled":true,"_links":{"self":[{"href":"https:\/\/zonaroja.com.mx\/index.php?rest_route=\/wp\/v2\/posts\/24041","targetHints":{"allow":["GET"]}}],"collection":[{"href":"https:\/\/zonaroja.com.mx\/index.php?rest_route=\/wp\/v2\/posts"}],"about":[{"href":"https:\/\/zonaroja.com.mx\/index.php?rest_route=\/wp\/v2\/types\/post"}],"author":[{"embeddable":true,"href":"https:\/\/zonaroja.com.mx\/index.php?rest_route=\/wp\/v2\/users\/2"}],"replies":[{"embeddable":true,"href":"https:\/\/zonaroja.com.mx\/index.php?rest_route=%2Fwp%2Fv2%2Fcomments&post=24041"}],"version-history":[{"count":1,"href":"https:\/\/zonaroja.com.mx\/index.php?rest_route=\/wp\/v2\/posts\/24041\/revisions"}],"predecessor-version":[{"id":24042,"href":"https:\/\/zonaroja.com.mx\/index.php?rest_route=\/wp\/v2\/posts\/24041\/revisions\/24042"}],"wp:featuredmedia":[{"embeddable":true,"href":"https:\/\/zonaroja.com.mx\/index.php?rest_route=\/wp\/v2\/media\/20957"}],"wp:attachment":[{"href":"https:\/\/zonaroja.com.mx\/index.php?rest_route=%2Fwp%2Fv2%2Fmedia&parent=24041"}],"wp:term":[{"taxonomy":"category","embeddable":true,"href":"https:\/\/zonaroja.com.mx\/index.php?rest_route=%2Fwp%2Fv2%2Fcategories&post=24041"},{"taxonomy":"post_tag","embeddable":true,"href":"https:\/\/zonaroja.com.mx\/index.php?rest_route=%2Fwp%2Fv2%2Ftags&post=24041"}],"curies":[{"name":"wp","href":"https:\/\/api.w.org\/{rel}","templated":true}]}}