{"id":24043,"date":"2021-02-25T21:31:50","date_gmt":"2021-02-26T03:31:50","guid":{"rendered":"http:\/\/www.zonaroja.com.mx\/?p=24043"},"modified":"2021-02-25T21:31:58","modified_gmt":"2021-02-26T03:31:58","slug":"insiste-cabildo-de-pluma-hidalgo-en-ignorar-resolucion-del-teeo","status":"publish","type":"post","link":"https:\/\/zonaroja.com.mx\/?p=24043","title":{"rendered":"Insiste Cabildo de Pluma Hidalgo en ignorar resoluci\u00f3n del TEEO"},"content":{"rendered":"\n<p>Evlin Arag\u00f3n\/Zona Roja.<\/p>\n\n\n\n<p>Oaxaca de Ju\u00e1rez, Oax., 25 de febrero de 2021.- Pese a que desde hace un mes el pleno del Tribunal Estatal Electoral de Oaxaca (TEEO), determin\u00f3 restituir a Jos\u00e9 D\u00edaz L\u00f3pez como s\u00edndico municipal de Pluma Hidalgo; Mar\u00eda Paula L\u00f3pez Hern\u00e1ndez, sigue firmando documentaci\u00f3n oficial en su calidad de s\u00edndica provisional.&nbsp;<\/p>\n\n\n\n<p>Con lo anterior, el edil Josu\u00e9 Silva no s\u00f3lo incurre en la reinstalaci\u00f3n del funcionario municipal, sino tambi\u00e9n el Cabildo avala oficios con la r\u00fabrica de la mujer, cuyo nombramiento fue revocado por el Tribunal Electoral.&nbsp;&nbsp;<\/p>\n\n\n\n<p>As\u00ed se pone de manifiesto en el comunicado emitido el pasado 17 de febrero, el cual enuncia las medidas para mitigar los contagios de Covid-19 en el municipio, y es firmado y avalado por la s\u00edndico provisional, integrantes del Cabildo y el edil municipal.&nbsp;<\/p>\n\n\n\n<p>Lo anterior pese a que la resoluci\u00f3n del TEEO espec\u00edfica la revocaci\u00f3n del acta de sesi\u00f3n extraordinaria del Cabildo del 19 y 27 de junio, y del 27 de agosto del 2020, dejando sin efecto el nombramiento de la ciudadana Mar\u00eda Paula L\u00f3pez Hern\u00e1ndez, como s\u00edndica municipal.&nbsp;<\/p>\n\n\n\n<p>As\u00ed mismo se invalid\u00f3 el oficio n\u00famero MPH\/P;00251\/2020, del trece de julio de 2020, dirigido a las y los integrantes de la LXIV Legislatura del Congreso del Estado de Oaxaca, para efecto de dar inicio al Procedimiento de Revocaci\u00f3n de Mandato.<\/p>\n\n\n\n<p>En consecuencia, deja sin efecto todos y cada uno de los actos realizado por la Comisi\u00f3n Permanente de Gobernaci\u00f3n y Asuntos Agrarios del Congreso del Estado, dentro del expediente de revocaci\u00f3n de mandato de Jos\u00e9 D\u00edaz L\u00f3pez, en su car\u00e1cter de s\u00edndico municipal, a quien, adem\u00e1s, se le restituye en el cargo, con todos los derechos y prerrogativas.&nbsp;&nbsp;&nbsp;<\/p>\n\n\n\n<p>El documento oficial del ayuntamiento de Pluma Hidalgo citado, cuenta tambi\u00e9n con las firmas de Berenice Ram\u00edrez Salinas, No\u00e9 Aquino robles, Cirilo Hern\u00e1ndez Hern\u00e1ndez, Sof\u00eda Fani Luna Hern\u00e1ndez, Adriana Jacinto Figueroa, titulares de las regidur\u00edas de Salud, Hacienda, Obras, Educaci\u00f3n y Seguridad.<\/p>\n\n\n\n<p>As\u00ed como las r\u00fabricas del secretario municipal Everardo Alejandro Ramos Reyes, y el edil Jes\u00fas Josu\u00e9 Silva Jacinto, quien se niega a asistir a las sesiones de cabildo para cumplir con la reinstalaci\u00f3n Jos\u00e9 D\u00edaz, cuyo \u201cdelito\u201d fue pedir que se transparentaran los recursos en la administraci\u00f3n municipal.&nbsp;<\/p>\n","protected":false},"excerpt":{"rendered":"<p>Evlin Arag\u00f3n\/Zona Roja. Oaxaca de Ju\u00e1rez, Oax., 25 de febrero de 2021.- Pese a que&hellip;<\/p>\n","protected":false},"author":2,"featured_media":24044,"comment_status":"closed","ping_status":"open","sticky":false,"template":"","format":"standard","meta":{"_lmt_disableupdate":"","_lmt_disable":"","_jetpack_memberships_contains_paid_content":false,"footnotes":""},"categories":[109,47],"tags":[2483],"class_list":["post-24043","post","type-post","status-publish","format-standard","has-post-thumbnail","hentry","category-minuto-a-minuto","category-zona-gris","tag-josue-silva-jacinto"],"jetpack_featured_media_url":"https:\/\/zonaroja.com.mx\/wp-content\/uploads\/2021\/02\/Josue-Silva.jpg","jetpack_sharing_enabled":true,"_links":{"self":[{"href":"https:\/\/zonaroja.com.mx\/index.php?rest_route=\/wp\/v2\/posts\/24043","targetHints":{"allow":["GET"]}}],"collection":[{"href":"https:\/\/zonaroja.com.mx\/index.php?rest_route=\/wp\/v2\/posts"}],"about":[{"href":"https:\/\/zonaroja.com.mx\/index.php?rest_route=\/wp\/v2\/types\/post"}],"author":[{"embeddable":true,"href":"https:\/\/zonaroja.com.mx\/index.php?rest_route=\/wp\/v2\/users\/2"}],"replies":[{"embeddable":true,"href":"https:\/\/zonaroja.com.mx\/index.php?rest_route=%2Fwp%2Fv2%2Fcomments&post=24043"}],"version-history":[{"count":1,"href":"https:\/\/zonaroja.com.mx\/index.php?rest_route=\/wp\/v2\/posts\/24043\/revisions"}],"predecessor-version":[{"id":24045,"href":"https:\/\/zonaroja.com.mx\/index.php?rest_route=\/wp\/v2\/posts\/24043\/revisions\/24045"}],"wp:featuredmedia":[{"embeddable":true,"href":"https:\/\/zonaroja.com.mx\/index.php?rest_route=\/wp\/v2\/media\/24044"}],"wp:attachment":[{"href":"https:\/\/zonaroja.com.mx\/index.php?rest_route=%2Fwp%2Fv2%2Fmedia&parent=24043"}],"wp:term":[{"taxonomy":"category","embeddable":true,"href":"https:\/\/zonaroja.com.mx\/index.php?rest_route=%2Fwp%2Fv2%2Fcategories&post=24043"},{"taxonomy":"post_tag","embeddable":true,"href":"https:\/\/zonaroja.com.mx\/index.php?rest_route=%2Fwp%2Fv2%2Ftags&post=24043"}],"curies":[{"name":"wp","href":"https:\/\/api.w.org\/{rel}","templated":true}]}}