{"id":24052,"date":"2021-02-26T07:17:55","date_gmt":"2021-02-26T13:17:55","guid":{"rendered":"http:\/\/www.zonaroja.com.mx\/?p=24052"},"modified":"2021-02-26T07:17:58","modified_gmt":"2021-02-26T13:17:58","slug":"entregan-apoyos-educativos-a-sedes-de-la-upn-en-tuxtepec-e-ixtepec","status":"publish","type":"post","link":"https:\/\/zonaroja.com.mx\/?p=24052","title":{"rendered":"Entregan apoyos educativos a sedes de la UPN en Tuxtepec e Ixtepec"},"content":{"rendered":"\n<p>Redacci\u00f3n\/Zona Roja.<\/p>\n\n\n\n<p>Oaxaca de Ju\u00e1rez, Oax. 26 de febrero de 2021.- A fin de fortalecer la infraestructura de las Unidades 202 con sede en Tuxtepec y 203 de Ciudad Ixtepec, de la Universidad Pedag\u00f3gica Nacional (UPN), el Instituto Estatal de Educaci\u00f3n P\u00fablica de Oaxaca (IEEPO) entreg\u00f3 mobiliario y equipo a estos planteles, en beneficio de mil 016 alumnas y alumnos y 117 becarias y becarios, con una inversi\u00f3n de 521 mil 682 pesos.<\/p>\n\n\n\n<p>Los apoyos &#8211;consistentes en computadoras, reguladores, proyectores, pantallas, pizarrones, equipo de sonido y mobiliario escolar&#8211;, como parte de las acciones para respaldar la Estrategia Nacional de Iniciaci\u00f3n a la Docencia en el Medio Ind\u00edgena (ENIDMI), son resultado de una acci\u00f3n conjunta entre la Secretar\u00eda de Educaci\u00f3n P\u00fablica (SEP), el Gobierno del Estado y el magisterio oaxaque\u00f1o para la construcci\u00f3n de modelos educativos y el respeto a los derechos ling\u00fc\u00edsticos de los pueblos originarios.<\/p>\n\n\n\n<p>Estas dos Unidades de la UPN iniciaron el 22 de febrero el semestre febrero-julio 2021 la Licenciatura en Educaci\u00f3n Preescolar y Educaci\u00f3n Primaria para el Medio Ind\u00edgena (LEPEPMI\u00b490) atendiendo a 117 becarios que forman parte de esta estrategia, con el fin de fortalecer sus competencias profesionales en la docencia.<\/p>\n\n\n\n<p>Ante ello, el director General del IEEPO, Francisco \u00c0ngel Villarreal, destac\u00f3 el apoyo que se les brinda. \u201cEn el Instituto Estatal de Educaci\u00f3n P\u00fablica de Oaxaca, trabajamos constantemente creando las condiciones para el fortalecimiento de todos los niveles educativos, construyendo las bases para obtener generaciones mejor preparadas que nos permitan crecer para alcanzar cualquier reto y una sociedad m\u00e1s justa\u201d, refiri\u00f3.<\/p>\n\n\n\n<p>A la directora de la Unidad 202, Lorena Dom\u00ednguez Hip\u00f3lito y el director de la Unidad 203 de la UPN, Hiram Matus Toledo, a quienes se le entreg\u00f3 los apoyos, el titular del IEEPO, les solicit\u00f3 su apoyo y los invit\u00f3 a sumar esfuerzos para que las y los j\u00f3venes becarios fortalezcan sus competencias profesionales en la docencia.<\/p>\n\n\n\n<p>\u201cQue se conviertan en excelentes maestras y maestros y a su vez que formen a alumnas y alumnos con ra\u00edces profundas en pluriculturalidad, lengua originarias y conocimientos universales, tal como lo impulsa el Mandatario Estatal\u201d, resalt\u00f3.<\/p>\n\n\n\n<p>En tanto los directores de las Unidades 202 de Tuxtepec y 203 de Ciudad Ixtepec, agradecieron el respaldo que se les brind\u00f3 con la entrega del mobiliario y equipo y refrendaron su compromiso en la construcci\u00f3n de la Estrategia Nacional de Iniciaci\u00f3n a la Docencia en el Medio Ind\u00edgena y apoyar a las y los becarios que en ella participan.<\/p>\n\n\n\n<p>Asistieron, el subdirector General de Servicios Educativos, \u00c1lvaro C\u00e9sar Guevara Ram\u00edrez; el titular de la Unidad de Educaci\u00f3n Ind\u00edgena, Omar Lara Ju\u00e1rez, el titular de la Unidad de Educaci\u00f3n Normal y Formaci\u00f3n de Docentes, Carlos Alberto Cuevas Cervantes y la subdirectora Acad\u00e9mica de la Unidad 202 de la UPN, Mercedes Valenzuela Herrera.<\/p>\n","protected":false},"excerpt":{"rendered":"<p>Redacci\u00f3n\/Zona Roja. Oaxaca de Ju\u00e1rez, Oax. 26 de febrero de 2021.- A fin de fortalecer&hellip;<\/p>\n","protected":false},"author":2,"featured_media":24053,"comment_status":"closed","ping_status":"open","sticky":false,"template":"","format":"standard","meta":{"_lmt_disableupdate":"","_lmt_disable":"","_jetpack_memberships_contains_paid_content":false,"footnotes":""},"categories":[109,46],"tags":[599],"class_list":["post-24052","post","type-post","status-publish","format-standard","has-post-thumbnail","hentry","category-minuto-a-minuto","category-zona-blanca","tag-instituto-estatal-de-educacion-publica-de-oaxaca"],"jetpack_featured_media_url":"https:\/\/zonaroja.com.mx\/wp-content\/uploads\/2021\/02\/01-IEEPO-2.jpg","jetpack_sharing_enabled":true,"_links":{"self":[{"href":"https:\/\/zonaroja.com.mx\/index.php?rest_route=\/wp\/v2\/posts\/24052","targetHints":{"allow":["GET"]}}],"collection":[{"href":"https:\/\/zonaroja.com.mx\/index.php?rest_route=\/wp\/v2\/posts"}],"about":[{"href":"https:\/\/zonaroja.com.mx\/index.php?rest_route=\/wp\/v2\/types\/post"}],"author":[{"embeddable":true,"href":"https:\/\/zonaroja.com.mx\/index.php?rest_route=\/wp\/v2\/users\/2"}],"replies":[{"embeddable":true,"href":"https:\/\/zonaroja.com.mx\/index.php?rest_route=%2Fwp%2Fv2%2Fcomments&post=24052"}],"version-history":[{"count":1,"href":"https:\/\/zonaroja.com.mx\/index.php?rest_route=\/wp\/v2\/posts\/24052\/revisions"}],"predecessor-version":[{"id":24054,"href":"https:\/\/zonaroja.com.mx\/index.php?rest_route=\/wp\/v2\/posts\/24052\/revisions\/24054"}],"wp:featuredmedia":[{"embeddable":true,"href":"https:\/\/zonaroja.com.mx\/index.php?rest_route=\/wp\/v2\/media\/24053"}],"wp:attachment":[{"href":"https:\/\/zonaroja.com.mx\/index.php?rest_route=%2Fwp%2Fv2%2Fmedia&parent=24052"}],"wp:term":[{"taxonomy":"category","embeddable":true,"href":"https:\/\/zonaroja.com.mx\/index.php?rest_route=%2Fwp%2Fv2%2Fcategories&post=24052"},{"taxonomy":"post_tag","embeddable":true,"href":"https:\/\/zonaroja.com.mx\/index.php?rest_route=%2Fwp%2Fv2%2Ftags&post=24052"}],"curies":[{"name":"wp","href":"https:\/\/api.w.org\/{rel}","templated":true}]}}