{"id":24055,"date":"2021-02-26T07:26:16","date_gmt":"2021-02-26T13:26:16","guid":{"rendered":"http:\/\/www.zonaroja.com.mx\/?p=24055"},"modified":"2021-02-26T07:26:19","modified_gmt":"2021-02-26T13:26:19","slug":"cumple-un-ano-la-pandemia-en-mexico-en-el-mundo-van-113-millones-de-contagios","status":"publish","type":"post","link":"https:\/\/zonaroja.com.mx\/?p=24055","title":{"rendered":"Cumple un a\u00f1o la pandemia en M\u00e9xico; en el mundo van 113 millones de contagios"},"content":{"rendered":"\n<p>Redacci\u00f3n\/Zona Roja Cdmx.<\/p>\n\n\n\n<p>Ciudad de M\u00e9xico, 26 de febrero de 2021.- Este viernes se cumple un a\u00f1o de la llegada del coronavirus Covid-19 a M\u00e9xico, luego de haber surgido dos meses atr\u00e1s en China.<\/p>\n\n\n\n<p>El primer caso confirmado por laboratorio fue el de un hombre hospitalizado en el Instituto Nacional de Enfermedades Respiratorias (INER).<\/p>\n\n\n\n<p>En ese momento se identific\u00f3 como una infecci\u00f3n respiratoria de la que s\u00f3lo se sab\u00eda, por la experiencia en China \u2013donde surgi\u00f3 la cepa\u2013 y Europa, que provocaba una enfermedad grave y letal en adultos mayores.<\/p>\n\n\n\n<p>Se pensaba que el resto de las personas podr\u00edan tener un padecimiento como fue el de la influenza AH1N1 en 2009, si acaso con un mayor impacto en quienes tuvieran alguna enfermedad cr\u00f3nica.<\/p>\n\n\n\n<p>A un a\u00f1o, el pa\u00eds rebas\u00f3 la cifra de dos millones de casos confirmados del virus SARS-CoV-2, as\u00ed como m\u00e1s de 183 mil personas que han muerto por las complicaciones graves de la enfermedad.<\/p>\n\n\n\n<p>De acuerdo con la encuesta realizada por el Instituto Nacional de Salud P\u00fablica, 31.5 millones de mexicanos (25 por ciento de la poblaci\u00f3n) han estado expuestos al coronavirus pero s\u00f3lo 20 por ciento ha tenido s\u00edntomas de la enfermedad. El resto no se ha dado cuenta de que han sido portadores del virus.<\/p>\n\n\n\n<p>EN EL MUNDO<\/p>\n\n\n\n<p>Por otra parte, la pandemia causada por el Covid-19 ya acab\u00f3 con la vida de m\u00e1s de 2.5 millones de personas en todo el mundo, seg\u00fan cifras publicadas hoy por la Universidad Johns Hopkins (JHU) de Estados Unidos.<\/p>\n\n\n\n<p>De acuerdo con los datos de esta universidad, el n\u00famero global de casos de coronavirus asciende a 113 millones 49 mil 65 y han fallecido dos millones 508 mil 843 personas por la enfermedad.<\/p>\n\n\n\n<p>El pa\u00eds m\u00e1s afectado por el virus SARS-CoV-2 sigue siendo EU, donde han muerto unas 508 mil personas y 28.4 millones est\u00e1n infectadas.<\/p>\n\n\n\n<p>Brasil, con 251 mil 498 fallecidos es el segundo pa\u00eds m\u00e1s golpeado por la incidencia mortal de la enfermedad, aunque ocupa el tercer puesto en n\u00famero de contagios, con 10.3 millones.<\/p>\n\n\n\n<p>Entre los cinco primeros puestos por n\u00famero de fallecimientos se encuentran tambi\u00e9n M\u00e9xico, en tercer lugar, con 183 mil 692 v\u00edctimas mortales; la India, donde han muerto m\u00e1s de 156 mil 825 personas, y el Reino Unido, el m\u00e1s afectado en Europa con 122 mil 303 muertes, seg\u00fan la JHU.<\/p>\n\n\n\n<p>Italia, con casi 96 mil 974 mil muertos; Francia, que supera los 85 mil 743; Rusia, con 83 mil 900; Alemania, con 69 mi 573; Espa\u00f1a, con 68 mil 813, e Ir\u00e1n, que casi alcanza los 60 mil con 59 mil 830, siguen en los primeros puestos de esta lista.<\/p>\n\n\n\n<p>(Con informaci\u00f3n de \u00abLa Jornada\u00bb y agencias)<\/p>\n","protected":false},"excerpt":{"rendered":"<p>Redacci\u00f3n\/Zona Roja Cdmx. Ciudad de M\u00e9xico, 26 de febrero de 2021.- Este viernes se cumple&hellip;<\/p>\n","protected":false},"author":2,"featured_media":13947,"comment_status":"closed","ping_status":"open","sticky":false,"template":"","format":"standard","meta":{"_lmt_disableupdate":"","_lmt_disable":"","_jetpack_memberships_contains_paid_content":false,"footnotes":""},"categories":[109,47],"tags":[1510],"class_list":["post-24055","post","type-post","status-publish","format-standard","has-post-thumbnail","hentry","category-minuto-a-minuto","category-zona-gris","tag-coronavirus-pandemia-global"],"jetpack_featured_media_url":"https:\/\/zonaroja.com.mx\/wp-content\/uploads\/2020\/06\/Coronavirus-mundo.jpg","jetpack_sharing_enabled":true,"_links":{"self":[{"href":"https:\/\/zonaroja.com.mx\/index.php?rest_route=\/wp\/v2\/posts\/24055","targetHints":{"allow":["GET"]}}],"collection":[{"href":"https:\/\/zonaroja.com.mx\/index.php?rest_route=\/wp\/v2\/posts"}],"about":[{"href":"https:\/\/zonaroja.com.mx\/index.php?rest_route=\/wp\/v2\/types\/post"}],"author":[{"embeddable":true,"href":"https:\/\/zonaroja.com.mx\/index.php?rest_route=\/wp\/v2\/users\/2"}],"replies":[{"embeddable":true,"href":"https:\/\/zonaroja.com.mx\/index.php?rest_route=%2Fwp%2Fv2%2Fcomments&post=24055"}],"version-history":[{"count":1,"href":"https:\/\/zonaroja.com.mx\/index.php?rest_route=\/wp\/v2\/posts\/24055\/revisions"}],"predecessor-version":[{"id":24056,"href":"https:\/\/zonaroja.com.mx\/index.php?rest_route=\/wp\/v2\/posts\/24055\/revisions\/24056"}],"wp:featuredmedia":[{"embeddable":true,"href":"https:\/\/zonaroja.com.mx\/index.php?rest_route=\/wp\/v2\/media\/13947"}],"wp:attachment":[{"href":"https:\/\/zonaroja.com.mx\/index.php?rest_route=%2Fwp%2Fv2%2Fmedia&parent=24055"}],"wp:term":[{"taxonomy":"category","embeddable":true,"href":"https:\/\/zonaroja.com.mx\/index.php?rest_route=%2Fwp%2Fv2%2Fcategories&post=24055"},{"taxonomy":"post_tag","embeddable":true,"href":"https:\/\/zonaroja.com.mx\/index.php?rest_route=%2Fwp%2Fv2%2Ftags&post=24055"}],"curies":[{"name":"wp","href":"https:\/\/api.w.org\/{rel}","templated":true}]}}