{"id":24059,"date":"2021-02-26T07:51:45","date_gmt":"2021-02-26T13:51:45","guid":{"rendered":"http:\/\/www.zonaroja.com.mx\/?p=24059"},"modified":"2021-02-26T07:51:48","modified_gmt":"2021-02-26T13:51:48","slug":"promueven-en-oaxaca-justicia-desde-un-enfoque-intercultural-y-de-genero","status":"publish","type":"post","link":"https:\/\/zonaroja.com.mx\/?p=24059","title":{"rendered":"Promueven en Oaxaca justicia desde un enfoque intercultural y de g\u00e9nero"},"content":{"rendered":"\n<p>Redacci\u00f3n\/Zona Roja.<\/p>\n\n\n\n<p>Oaxaca de Ju\u00e1rez, Oax., 26 de febrero de 2021.- La magistrada del Tribunal Superior de Justicia de Oaxaca, Ana Mireya Santos L\u00f3pez, integrante de la Sala de Justicia Ind\u00edgena y Quinta Sala Penal, reiter\u00f3 la prioridad que la instituci\u00f3n ha brindado en promover e impulsar acciones que permitan prevenir, atender, sancionar y erradicar la violencia contra las mujeres.<\/p>\n\n\n\n<p>Hizo hincapi\u00e9 en que las mujeres ind\u00edgenas son parte importante de la lucha de sus comunidades para lograr el respeto y reconocimiento de sus derechos colectivos y es ah\u00ed donde el Poder Judicial del Estado, que presiden el magistrado Eduardo Pinacho S\u00e1nchez, conjunta esfuerzos para que la justicia opere desde un enfoque intercultural y de g\u00e9nero a fin de erradicar todo tipo de violencia contra las mujeres y ni\u00f1as ind\u00edgenas, as\u00ed como las afromexicanas.<\/p>\n\n\n\n<p>\u201cSe busca trabajar de la mano con base en una relaci\u00f3n de respeto con los sistemas de justicia de las comunidades para detener las violencias que tanto afectan a las colectividades como a las personas que las integran\u201d enfatiz\u00f3 en un mensaje que envi\u00f3 a trav\u00e9s de un video con motivo de esta fecha instaurada por la ONU desde el 2008.<\/p>\n\n\n\n<p>Se\u00f1al\u00f3 que, de acuerdo con la informaci\u00f3n del Fondo para el Desarrollo de los Pueblos Ind\u00edgenas de Am\u00e9rica Latina y el Caribe (FILAC), en el marco del seminario virtual \u00abViolencias y Mujeres Ind\u00edgenas\u00bb, realizado el pasado 1 de octubre del a\u00f1o 2020, los periodistas ind\u00edgenas enfatizaron en que las violencias que sufren las mujeres y ni\u00f1as ind\u00edgenas se ejercen de distintas formas, no son solamente agresiones personales, en el hogar o la comunidad, sino tambi\u00e9n en el sector p\u00fablico y privado.<\/p>\n\n\n\n<p>\u201cLas violencias que experimentan las mujeres y las ni\u00f1as ind\u00edgenas son de \u00edndole econ\u00f3mico, social, policial, estructural, \u00e9tnico, territorial, ling\u00fc\u00edstico, legal e intrafamiliar, que son agresiones que vienen de un sistema colonialista y racista que oprime a las mujeres ind\u00edgenas y afrodescendientes\u201d, destac\u00f3.<\/p>\n\n\n\n<p>De acuerdo con estad\u00edsticas del Banco Nacional de Datos e Informaci\u00f3n sobre Casos de Violencia contra las Mujeres (BANAVIM), hasta el 25 de febrero de 2021 han sido registrados seis mil 526 casos de violencia en contra de mujeres, de los cuales en cuatro mil 541 los agresores fueron hombres.<\/p>\n","protected":false},"excerpt":{"rendered":"<p>Redacci\u00f3n\/Zona Roja. Oaxaca de Ju\u00e1rez, Oax., 26 de febrero de 2021.- La magistrada del Tribunal&hellip;<\/p>\n","protected":false},"author":2,"featured_media":14349,"comment_status":"closed","ping_status":"open","sticky":false,"template":"","format":"standard","meta":{"_lmt_disableupdate":"","_lmt_disable":"","_jetpack_memberships_contains_paid_content":false,"footnotes":""},"categories":[109,46],"tags":[223],"class_list":["post-24059","post","type-post","status-publish","format-standard","has-post-thumbnail","hentry","category-minuto-a-minuto","category-zona-blanca","tag-poder-judicial-de-oaxaca"],"jetpack_featured_media_url":"https:\/\/zonaroja.com.mx\/wp-content\/uploads\/2020\/06\/Poder-Judicial-Oaxaca.jpg","jetpack_sharing_enabled":true,"_links":{"self":[{"href":"https:\/\/zonaroja.com.mx\/index.php?rest_route=\/wp\/v2\/posts\/24059","targetHints":{"allow":["GET"]}}],"collection":[{"href":"https:\/\/zonaroja.com.mx\/index.php?rest_route=\/wp\/v2\/posts"}],"about":[{"href":"https:\/\/zonaroja.com.mx\/index.php?rest_route=\/wp\/v2\/types\/post"}],"author":[{"embeddable":true,"href":"https:\/\/zonaroja.com.mx\/index.php?rest_route=\/wp\/v2\/users\/2"}],"replies":[{"embeddable":true,"href":"https:\/\/zonaroja.com.mx\/index.php?rest_route=%2Fwp%2Fv2%2Fcomments&post=24059"}],"version-history":[{"count":1,"href":"https:\/\/zonaroja.com.mx\/index.php?rest_route=\/wp\/v2\/posts\/24059\/revisions"}],"predecessor-version":[{"id":24060,"href":"https:\/\/zonaroja.com.mx\/index.php?rest_route=\/wp\/v2\/posts\/24059\/revisions\/24060"}],"wp:featuredmedia":[{"embeddable":true,"href":"https:\/\/zonaroja.com.mx\/index.php?rest_route=\/wp\/v2\/media\/14349"}],"wp:attachment":[{"href":"https:\/\/zonaroja.com.mx\/index.php?rest_route=%2Fwp%2Fv2%2Fmedia&parent=24059"}],"wp:term":[{"taxonomy":"category","embeddable":true,"href":"https:\/\/zonaroja.com.mx\/index.php?rest_route=%2Fwp%2Fv2%2Fcategories&post=24059"},{"taxonomy":"post_tag","embeddable":true,"href":"https:\/\/zonaroja.com.mx\/index.php?rest_route=%2Fwp%2Fv2%2Ftags&post=24059"}],"curies":[{"name":"wp","href":"https:\/\/api.w.org\/{rel}","templated":true}]}}