{"id":24061,"date":"2021-02-26T08:02:34","date_gmt":"2021-02-26T14:02:34","guid":{"rendered":"http:\/\/www.zonaroja.com.mx\/?p=24061"},"modified":"2021-02-26T08:03:12","modified_gmt":"2021-02-26T14:03:12","slug":"otra-de-urbaneros-por-echar-carreritas-chocan-en-el-centro-de-la-ciudad","status":"publish","type":"post","link":"https:\/\/zonaroja.com.mx\/?p=24061","title":{"rendered":"Exponen a nivel internacional simulaci\u00f3n en Oaxaca sobre violencia feminicida"},"content":{"rendered":"\n<p>Evlin Arag\u00f3n\/Zona Roja.<\/p>\n\n\n\n<p>Oaxaca de Ju\u00e1rez, Oax., 26 de febrero de 2021.- Diversas organizaciones de la sociedad civil dieron a conocer sus hallazgos en torno al feminicidio, la desaparici\u00f3n de mujeres y la implementaci\u00f3n de alertas de violencia de g\u00e9nero contra las mujeres en M\u00e9xico, ante la Convenci\u00f3n sobre la Eliminaci\u00f3n de Todas las Formas de Discriminaci\u00f3n contra la Mujer (CEDAW).<\/p>\n\n\n\n<p>En el caso de la entidad oaxaque\u00f1a, Y\u00e9sica S\u00e1nchez Maya, de la organizaci\u00f3n Consorcio Oaxaca, dio a conocer la simulaci\u00f3n que existe por parte del gobierno de Alejandro Murat Hinojosa en materia de investigaci\u00f3n del feminicidio y de pol\u00edtica p\u00fablica de g\u00e9nero.&nbsp;<\/p>\n\n\n\n<p>\u201cLamentablemente no hay buenas noticias, todo lo contrario, hay un aumento de feminicidios y una reticencia sistem\u00e1tica y permanente por parte de las autoridades de Procuraci\u00f3n de Justicia de abrir las investigaciones de muertes violentas de mujeres como feminicidio, tal y como lo marca la ley\u201d, dijo.&nbsp;<\/p>\n\n\n\n<p>De manera particular, evidenci\u00f3 la falta de transparencia que existe en el ejercicio de recursos, toda vez que por un lado se pone de manifiesto la asignaci\u00f3n del 11.7 por ciento del presupuesto para la pol\u00edtica de igualdad de g\u00e9nero, pero en la pr\u00e1ctica, las dependencias aseguran no contar con el capital financiero para realizar acciones de alto impacto.&nbsp;<\/p>\n\n\n\n<p>Misma situaci\u00f3n a la que se enfrenta la tipificaci\u00f3n del feminicidio a nivel nacional y la implementaci\u00f3n de los protocolos de investigaci\u00f3n que no cuentan con presupuesto asignado que corresponda para atender la gravedad de la situaci\u00f3n que se vive en todo el pa\u00eds.<\/p>\n\n\n\n<p>\u201cOaxaca en el 2012-2013 se aprueba el tipo penal y protocolos en torno al feminicidio, sin embargo, no se aprueba presupuesto. No puede avanzar s\u00f3lo en tipificar si no hay un presupuesto que corresponda y pueda responder a estas necesidades pr\u00e1cticas de la investigaci\u00f3n del tipo penal\u201d, indic\u00f3.&nbsp;<\/p>\n\n\n\n<p>De acuerdo con la activista oaxaque\u00f1a, a la falta de presupuesto se suma la falta de voluntad pol\u00edtica y de sensibilidad por parte de los operadores de justicia, lo cual mantiene los altos \u00edndices de impunidad en torno a la violencia de g\u00e9nero y feminicida.&nbsp;&nbsp;&nbsp;<\/p>\n\n\n\n<p>Por ello insiste en la existencia de simulaci\u00f3n, mientras en papel aseguran hay presupuesto asignado a la pol\u00edtica de g\u00e9nero, en la pr\u00e1ctica no llega a las instancias que tendr\u00edan que estar trabajando en prevenir, atender, sancionar y erradicar la violencia feminicida en la entidad.&nbsp;<\/p>\n\n\n\n<p>\u201cTenemos preocupaciones profundas de esta simulaci\u00f3n. Oaxaca tiene un tipo penal de avanzada, sin embargo, no es suficiente cuando reiteradamente se niega la existencia del feminicidio, cuando reiteradamente se han hecho acciones de simulaci\u00f3n con la Alerta de G\u00e9nero, y que tenemos casos, como el de Mar\u00eda del Sol, con grandes deficiencias y acciones que no coadyuvan a la investigaci\u00f3n del feminicidio\u201d, sentenci\u00f3.&nbsp;<\/p>\n\n\n\n<p>Por lo anterior, Sanch\u00e9z Maya puntualiz\u00f3 en la necesidad de la asignaci\u00f3n de prepuestos espec\u00edficos, as\u00ed como la revisi\u00f3n de perfiles y capaciones recibidas de los operadores de justicia que, todav\u00eda, niegan la existencia de feminicidios, lo cual redunda en la impunidad que se vive hoy en d\u00eda.<\/p>\n","protected":false},"excerpt":{"rendered":"<p>Evlin Arag\u00f3n\/Zona Roja. Oaxaca de Ju\u00e1rez, Oax., 26 de febrero de 2021.- Diversas organizaciones de&hellip;<\/p>\n","protected":false},"author":2,"featured_media":24062,"comment_status":"closed","ping_status":"open","sticky":false,"template":"","format":"standard","meta":{"_lmt_disableupdate":"","_lmt_disable":"","_jetpack_memberships_contains_paid_content":false,"footnotes":""},"categories":[109,47],"tags":[1093],"class_list":["post-24061","post","type-post","status-publish","format-standard","has-post-thumbnail","hentry","category-minuto-a-minuto","category-zona-gris","tag-consorcio-para-el-dialogo-oaxaca"],"jetpack_featured_media_url":"https:\/\/zonaroja.com.mx\/wp-content\/uploads\/2021\/02\/Consorcio.jpg","jetpack_sharing_enabled":true,"_links":{"self":[{"href":"https:\/\/zonaroja.com.mx\/index.php?rest_route=\/wp\/v2\/posts\/24061","targetHints":{"allow":["GET"]}}],"collection":[{"href":"https:\/\/zonaroja.com.mx\/index.php?rest_route=\/wp\/v2\/posts"}],"about":[{"href":"https:\/\/zonaroja.com.mx\/index.php?rest_route=\/wp\/v2\/types\/post"}],"author":[{"embeddable":true,"href":"https:\/\/zonaroja.com.mx\/index.php?rest_route=\/wp\/v2\/users\/2"}],"replies":[{"embeddable":true,"href":"https:\/\/zonaroja.com.mx\/index.php?rest_route=%2Fwp%2Fv2%2Fcomments&post=24061"}],"version-history":[{"count":2,"href":"https:\/\/zonaroja.com.mx\/index.php?rest_route=\/wp\/v2\/posts\/24061\/revisions"}],"predecessor-version":[{"id":24064,"href":"https:\/\/zonaroja.com.mx\/index.php?rest_route=\/wp\/v2\/posts\/24061\/revisions\/24064"}],"wp:featuredmedia":[{"embeddable":true,"href":"https:\/\/zonaroja.com.mx\/index.php?rest_route=\/wp\/v2\/media\/24062"}],"wp:attachment":[{"href":"https:\/\/zonaroja.com.mx\/index.php?rest_route=%2Fwp%2Fv2%2Fmedia&parent=24061"}],"wp:term":[{"taxonomy":"category","embeddable":true,"href":"https:\/\/zonaroja.com.mx\/index.php?rest_route=%2Fwp%2Fv2%2Fcategories&post=24061"},{"taxonomy":"post_tag","embeddable":true,"href":"https:\/\/zonaroja.com.mx\/index.php?rest_route=%2Fwp%2Fv2%2Ftags&post=24061"}],"curies":[{"name":"wp","href":"https:\/\/api.w.org\/{rel}","templated":true}]}}