{"id":24065,"date":"2021-02-26T14:53:23","date_gmt":"2021-02-26T20:53:23","guid":{"rendered":"http:\/\/www.zonaroja.com.mx\/?p=24065"},"modified":"2021-02-26T14:53:28","modified_gmt":"2021-02-26T20:53:28","slug":"solicita-congreso-de-oaxaca-al-ieepco-promover-que-jovenes-salgan-a-votar","status":"publish","type":"post","link":"https:\/\/zonaroja.com.mx\/?p=24065","title":{"rendered":"Solicita Congreso de Oaxaca al IEEPCO promover que j\u00f3venes salgan a votar"},"content":{"rendered":"\n<p>Redacci\u00f3n\/Zona Roja.<\/p>\n\n\n\n<p>Oaxaca de Ju\u00e1rez, Oax., 26 de febrero 2021.- A propuesta de la diputada Magaly L\u00f3pez Dom\u00ednguez, el Congreso de Oaxaca solicit\u00f3 al Consejo General del Instituto Estatal y de Participaci\u00f3n Ciudadana de Oaxaca (IEEPCO), instruir lo necesario para realizar una intensiva campa\u00f1a de comunicaci\u00f3n, dirigida a promover la participaci\u00f3n de las personas j\u00f3venes en las pr\u00f3ximas elecciones locales del 6 de junio.<\/p>\n\n\n\n<p>Esto, con el fin de garantizar la legitimidad de dicho proceso, as\u00ed como la calidad democr\u00e1tica de las instituciones del estado.<\/p>\n\n\n\n<p>La diputada por distrito XV, con cabecera en Santa Cruz Xoxocotl\u00e1n, se\u00f1al\u00f3 que de acuerdo con la Encuesta Nacional de la Juventud 2012, existe desinter\u00e9s de 90% de las y los j\u00f3venes hacia la pol\u00edtica.<\/p>\n\n\n\n<p>La militante del Partido Morena dijo que, en Oaxaca, del universo de dos millones 974 mil 960 electores de la lista nominal del estado, las y los j\u00f3venes de entre 18 y 29 a\u00f1os suman 817 mil 969 personas.<\/p>\n\n\n\n<p>Expres\u00f3 la necesidad urgente por que las juventudes diversas del estado se sumen a la construcci\u00f3n de la democracia: \u201csabemos que, en las elecciones intermedias, como la que suceder\u00e1 en junio, suele disminuir radicalmente la participaci\u00f3n ciudadana\u201d, expres\u00f3.<\/p>\n\n\n\n<p>L\u00f3pez Dom\u00ednguez se\u00f1al\u00f3 que es indispensable el IEEPCO haga todos los esfuerzos institucionales a su alcance para animar a la poblaci\u00f3n joven a participar en el proceso electoral.<\/p>\n\n\n\n<p>\u201cLa no participaci\u00f3n o la baja participaci\u00f3n del grupo poblacional mayoritario, en este caso las y los j\u00f3venes, puede derivar en un problema grave para la legitimidad del proceso electoral en curso, y de la calidad de la vida democr\u00e1tica de nuestro estado\u201d, puntualiz\u00f3.<\/p>\n","protected":false},"excerpt":{"rendered":"<p>Redacci\u00f3n\/Zona Roja. Oaxaca de Ju\u00e1rez, Oax., 26 de febrero 2021.- A propuesta de la diputada&hellip;<\/p>\n","protected":false},"author":2,"featured_media":24066,"comment_status":"closed","ping_status":"open","sticky":false,"template":"","format":"standard","meta":{"_lmt_disableupdate":"","_lmt_disable":"","_jetpack_memberships_contains_paid_content":false,"footnotes":""},"categories":[109,46],"tags":[192],"class_list":["post-24065","post","type-post","status-publish","format-standard","has-post-thumbnail","hentry","category-minuto-a-minuto","category-zona-blanca","tag-diputada-magaly-lopez-dominguez"],"jetpack_featured_media_url":"https:\/\/zonaroja.com.mx\/wp-content\/uploads\/2021\/02\/Magaly-Lopez-D.png","jetpack_sharing_enabled":true,"_links":{"self":[{"href":"https:\/\/zonaroja.com.mx\/index.php?rest_route=\/wp\/v2\/posts\/24065","targetHints":{"allow":["GET"]}}],"collection":[{"href":"https:\/\/zonaroja.com.mx\/index.php?rest_route=\/wp\/v2\/posts"}],"about":[{"href":"https:\/\/zonaroja.com.mx\/index.php?rest_route=\/wp\/v2\/types\/post"}],"author":[{"embeddable":true,"href":"https:\/\/zonaroja.com.mx\/index.php?rest_route=\/wp\/v2\/users\/2"}],"replies":[{"embeddable":true,"href":"https:\/\/zonaroja.com.mx\/index.php?rest_route=%2Fwp%2Fv2%2Fcomments&post=24065"}],"version-history":[{"count":1,"href":"https:\/\/zonaroja.com.mx\/index.php?rest_route=\/wp\/v2\/posts\/24065\/revisions"}],"predecessor-version":[{"id":24067,"href":"https:\/\/zonaroja.com.mx\/index.php?rest_route=\/wp\/v2\/posts\/24065\/revisions\/24067"}],"wp:featuredmedia":[{"embeddable":true,"href":"https:\/\/zonaroja.com.mx\/index.php?rest_route=\/wp\/v2\/media\/24066"}],"wp:attachment":[{"href":"https:\/\/zonaroja.com.mx\/index.php?rest_route=%2Fwp%2Fv2%2Fmedia&parent=24065"}],"wp:term":[{"taxonomy":"category","embeddable":true,"href":"https:\/\/zonaroja.com.mx\/index.php?rest_route=%2Fwp%2Fv2%2Fcategories&post=24065"},{"taxonomy":"post_tag","embeddable":true,"href":"https:\/\/zonaroja.com.mx\/index.php?rest_route=%2Fwp%2Fv2%2Ftags&post=24065"}],"curies":[{"name":"wp","href":"https:\/\/api.w.org\/{rel}","templated":true}]}}