{"id":24068,"date":"2021-02-26T16:04:23","date_gmt":"2021-02-26T22:04:23","guid":{"rendered":"http:\/\/www.zonaroja.com.mx\/?p=24068"},"modified":"2021-02-26T16:04:26","modified_gmt":"2021-02-26T22:04:26","slug":"el-priista-javier-villacana-registra-como-precandidato-en-el-pan-para-la-capital","status":"publish","type":"post","link":"https:\/\/zonaroja.com.mx\/?p=24068","title":{"rendered":"El priista Javier Villaca\u00f1a registra como precandidato en el PAN para la capital"},"content":{"rendered":"\n<p>Yuridiana Sosa\/Zona Roja.<\/p>\n\n\n\n<p>Oaxaca de Ju\u00e1rez, Oax., 26 de febrero de 2021.- Javier Villaca\u00f1a Jim\u00e9nez se registr\u00f3 como precandidato a la presidencia municipal de Oaxaca de Ju\u00e1rez por el Partido Acci\u00f3n Nacional, como parte del proceso de la candidatura com\u00fan que acord\u00f3 la alianza \u201cVa por Oaxaca\u201d, del PRI-PAN-PRD.<\/p>\n\n\n\n<p>Este viernes el militante del Partido Revolucionario Institucional formaliz\u00f3 su aspiraci\u00f3n a ser presidente de la capital, al arribar a las oficinas del Comit\u00e9 Directivo Estatal del PAN en la capital del estado, para ser parte de la lista de los posibles candidatos.<\/p>\n\n\n\n<p>El ex presidente municipal lleg\u00f3 a la sede del albiazul acompa\u00f1ado de su esposa y la dirigencia estatal del PRI, as\u00ed como de l\u00edderes de ese instituto pol\u00edtico y de Acci\u00f3n Nacional.<\/p>\n\n\n\n<p>Villaca\u00f1a Jim\u00e9nez indic\u00f3 que este registro se realiza en un entorno de voluntades pol\u00edticas, donde el fin es rescatar los espacios.<\/p>\n\n\n\n<p>As\u00ed tambi\u00e9n, expuso que las reglas de las candidaturas comunes son claras y esperar\u00e1 la decisi\u00f3n de los partidos respecto al resto de los aspirantes, pero lo m\u00e1s importante fue dar el primer paso.<\/p>\n\n\n\n<p>El priista consider\u00f3 valiosas las propuestas que el PAN tambi\u00e9n pueda presentar, respecto a la aspiraci\u00f3n de tres mujeres que han manifestado su inter\u00e9s para encabezar el proyecto, una de ellas la diputada federal y ex funcionaria municipal de la capital, Alejandra Garc\u00eda Morl\u00e1n.<\/p>\n\n\n\n<p>En semanas anteriores, diversos grupos al interior del PAN manifestaron su rechazo a la designaci\u00f3n de Villaca\u00f1a Jim\u00e9nez para abanderar la candidatura com\u00fan, mientras que la dirigencia estatal expres\u00f3 que defender\u00e1 a sus postulantes, pero se elegir\u00e1 al que al perfil mejor posicionado.<\/p>\n","protected":false},"excerpt":{"rendered":"<p>Yuridiana Sosa\/Zona Roja. Oaxaca de Ju\u00e1rez, Oax., 26 de febrero de 2021.- Javier Villaca\u00f1a Jim\u00e9nez&hellip;<\/p>\n","protected":false},"author":2,"featured_media":24069,"comment_status":"closed","ping_status":"open","sticky":false,"template":"","format":"standard","meta":{"_lmt_disableupdate":"","_lmt_disable":"","_jetpack_memberships_contains_paid_content":false,"footnotes":""},"categories":[109,46],"tags":[2456],"class_list":["post-24068","post","type-post","status-publish","format-standard","has-post-thumbnail","hentry","category-minuto-a-minuto","category-zona-blanca","tag-javier-villacana-jimenez"],"jetpack_featured_media_url":"https:\/\/zonaroja.com.mx\/wp-content\/uploads\/2021\/02\/Javier-Villacana-registro-PAN.jpg","jetpack_sharing_enabled":true,"_links":{"self":[{"href":"https:\/\/zonaroja.com.mx\/index.php?rest_route=\/wp\/v2\/posts\/24068","targetHints":{"allow":["GET"]}}],"collection":[{"href":"https:\/\/zonaroja.com.mx\/index.php?rest_route=\/wp\/v2\/posts"}],"about":[{"href":"https:\/\/zonaroja.com.mx\/index.php?rest_route=\/wp\/v2\/types\/post"}],"author":[{"embeddable":true,"href":"https:\/\/zonaroja.com.mx\/index.php?rest_route=\/wp\/v2\/users\/2"}],"replies":[{"embeddable":true,"href":"https:\/\/zonaroja.com.mx\/index.php?rest_route=%2Fwp%2Fv2%2Fcomments&post=24068"}],"version-history":[{"count":1,"href":"https:\/\/zonaroja.com.mx\/index.php?rest_route=\/wp\/v2\/posts\/24068\/revisions"}],"predecessor-version":[{"id":24070,"href":"https:\/\/zonaroja.com.mx\/index.php?rest_route=\/wp\/v2\/posts\/24068\/revisions\/24070"}],"wp:featuredmedia":[{"embeddable":true,"href":"https:\/\/zonaroja.com.mx\/index.php?rest_route=\/wp\/v2\/media\/24069"}],"wp:attachment":[{"href":"https:\/\/zonaroja.com.mx\/index.php?rest_route=%2Fwp%2Fv2%2Fmedia&parent=24068"}],"wp:term":[{"taxonomy":"category","embeddable":true,"href":"https:\/\/zonaroja.com.mx\/index.php?rest_route=%2Fwp%2Fv2%2Fcategories&post=24068"},{"taxonomy":"post_tag","embeddable":true,"href":"https:\/\/zonaroja.com.mx\/index.php?rest_route=%2Fwp%2Fv2%2Ftags&post=24068"}],"curies":[{"name":"wp","href":"https:\/\/api.w.org\/{rel}","templated":true}]}}