{"id":24071,"date":"2021-02-26T16:35:07","date_gmt":"2021-02-26T22:35:07","guid":{"rendered":"http:\/\/www.zonaroja.com.mx\/?p=24071"},"modified":"2021-02-26T16:35:13","modified_gmt":"2021-02-26T22:35:13","slug":"se-quejan-mujeres-en-reclusorio-de-tanivet-les-reprochan-intentar-ingresar-covid","status":"publish","type":"post","link":"https:\/\/zonaroja.com.mx\/?p=24071","title":{"rendered":"Se quejan mujeres en reclusorio de Tanivet; les reprochan intentar ingresar Covid"},"content":{"rendered":"\n<p>Redacci\u00f3n\/Zona Roja.<\/p>\n\n\n\n<p>Oaxaca de Ju\u00e1rez, Oax., 26 de febrero de 2021.- Un reducido grupo de mujeres se manifiesta desde ayer en el Centro de Reinserci\u00f3n Social (Cereso) Femenil, ubicado en San Francisco Tanivet, Tlacolula, Oaxaca.<\/p>\n\n\n\n<p>Demandan la visita interpenitenciaria, por parte de reclusos del vecino Cereso varonil.<\/p>\n\n\n\n<p>Sin embargo, la actitud de las ocho femeninas ha sido reprochada por la gran mayor\u00eda de las 180 personas privadas de su libertad en dicho centro penitenciario.<\/p>\n\n\n\n<p>Lo anterior, al quejarse de que las visitas extraconyugales o de personas ajenas a las familiares, podr\u00eda traer consigo contagios del Covid-19, pues todas han tomado las previsiones necesarias y actualmente dicho Cereso se encuentra libre de coronavirus.<\/p>\n\n\n\n<p>De acuerdo con la Secretar\u00eda de Seguridad P\u00fablica de Oaaca, mandos institucionales mantienen audiencias penitenciarias de manera constante para atender sus peticiones, mismas que ser\u00e1n apegadas a los reglamentos, respetando la integridad y seguridad de la poblaci\u00f3n penitenciaria.<\/p>\n\n\n\n<p>Destac\u00f3 que dicho centro penitenciario se mantiene en total armon\u00eda, continuando con las actividades diarias de reinserci\u00f3n social, en el cual no han existido casos positivos a COVID-19 o personas privadas de su libertad que refieran sintomatolog\u00eda parecida al virus, manteniendo en todo momento las medias de prevenci\u00f3n para realizar las audiencias sin ning\u00fan percance.<\/p>\n","protected":false},"excerpt":{"rendered":"<p>Redacci\u00f3n\/Zona Roja. Oaxaca de Ju\u00e1rez, Oax., 26 de febrero de 2021.- Un reducido grupo de&hellip;<\/p>\n","protected":false},"author":2,"featured_media":24072,"comment_status":"closed","ping_status":"open","sticky":false,"template":"","format":"standard","meta":{"_lmt_disableupdate":"","_lmt_disable":"","_jetpack_memberships_contains_paid_content":false,"footnotes":""},"categories":[109,47],"tags":[1747],"class_list":["post-24071","post","type-post","status-publish","format-standard","has-post-thumbnail","hentry","category-minuto-a-minuto","category-zona-gris","tag-centro-de-reinsercion-social-de-san-francisco-tanivet"],"jetpack_featured_media_url":"https:\/\/zonaroja.com.mx\/wp-content\/uploads\/2021\/02\/Reclusorio-Tanivet.jpg","jetpack_sharing_enabled":true,"_links":{"self":[{"href":"https:\/\/zonaroja.com.mx\/index.php?rest_route=\/wp\/v2\/posts\/24071","targetHints":{"allow":["GET"]}}],"collection":[{"href":"https:\/\/zonaroja.com.mx\/index.php?rest_route=\/wp\/v2\/posts"}],"about":[{"href":"https:\/\/zonaroja.com.mx\/index.php?rest_route=\/wp\/v2\/types\/post"}],"author":[{"embeddable":true,"href":"https:\/\/zonaroja.com.mx\/index.php?rest_route=\/wp\/v2\/users\/2"}],"replies":[{"embeddable":true,"href":"https:\/\/zonaroja.com.mx\/index.php?rest_route=%2Fwp%2Fv2%2Fcomments&post=24071"}],"version-history":[{"count":1,"href":"https:\/\/zonaroja.com.mx\/index.php?rest_route=\/wp\/v2\/posts\/24071\/revisions"}],"predecessor-version":[{"id":24073,"href":"https:\/\/zonaroja.com.mx\/index.php?rest_route=\/wp\/v2\/posts\/24071\/revisions\/24073"}],"wp:featuredmedia":[{"embeddable":true,"href":"https:\/\/zonaroja.com.mx\/index.php?rest_route=\/wp\/v2\/media\/24072"}],"wp:attachment":[{"href":"https:\/\/zonaroja.com.mx\/index.php?rest_route=%2Fwp%2Fv2%2Fmedia&parent=24071"}],"wp:term":[{"taxonomy":"category","embeddable":true,"href":"https:\/\/zonaroja.com.mx\/index.php?rest_route=%2Fwp%2Fv2%2Fcategories&post=24071"},{"taxonomy":"post_tag","embeddable":true,"href":"https:\/\/zonaroja.com.mx\/index.php?rest_route=%2Fwp%2Fv2%2Ftags&post=24071"}],"curies":[{"name":"wp","href":"https:\/\/api.w.org\/{rel}","templated":true}]}}