{"id":24074,"date":"2021-02-26T19:06:33","date_gmt":"2021-02-27T01:06:33","guid":{"rendered":"http:\/\/www.zonaroja.com.mx\/?p=24074"},"modified":"2021-02-26T19:07:58","modified_gmt":"2021-02-27T01:07:58","slug":"jubilados-del-snte-reiteran-rechazo-a-pago-en-uma-que-avalo-scjn","status":"publish","type":"post","link":"https:\/\/zonaroja.com.mx\/?p=24074","title":{"rendered":"Jubilados del SNTE reiteran rechazo a pago en UMA, que aval\u00f3 la SCJN"},"content":{"rendered":"\n<p>Yuridiana Sosa\/Zona Roja.<\/p>\n\n\n\n<p>Oaxaca de Ju\u00e1rez, Oax., 26 de febrero de 2021.-Jubilados y pensionados afiliados a la Secci\u00f3n 22 del Sindicato Nacional de Trabajadores de la Educaci\u00f3n (SNTE) manifestaron que emprender\u00e1n una lucha de exigencia para echar abajo la determinaci\u00f3n de pagar las pensiones con base a la Unidad de Medida y Actualizaci\u00f3n (UMA).<\/p>\n\n\n\n<p>Los ex trabajadores del magisterio oaxaque\u00f1o, adheridos a la Coordinadora Nacional de Trabajadores de la Educaci\u00f3n (CNTE), se\u00f1alaron que aunque la pandemia les impide movilizaciones masivas, mantendr\u00e1n la exigencia por distintos canales de difusi\u00f3n.<\/p>\n\n\n\n<p>Este viernes, de forma representativa, la Secci\u00f3n 22 del SNTE se uni\u00f3 a la marcha nacional en la Ciudad de M\u00e9xico para demandar la intervenci\u00f3n del Presidente Andr\u00e9s Manuel L\u00f3pez Obrador para que los jubilados reciban una pensi\u00f3n digna luego de una larga vida laboral.<\/p>\n\n\n\n<p>En conferencia de prensa en esta capital, la gremial en Oaxaca responsabiliz\u00f3 del desastre de las pensiones a los funcionarios del Instituto de Seguridad Social y Servicios Sociales de los Trabajadores del Estado (ISSSTE), Secretar\u00eda de Econom\u00eda, de Hacienda y Cr\u00e9dito P\u00fablico y a la Suprema Corte de Justicia de la Naci\u00f3n.<\/p>\n\n\n\n<p>La m\u00e1s reciente autoridad determin\u00f3 que las pensiones se paguen en UMAS, que, en el 2021, esta unidad tiene un valor de 89.62. Pero desde el 1 de febrero de 2017, los jubilados reciben un c\u00e1lculo en esa medida, se\u00f1al\u00f3 la Secci\u00f3n 22 del SNTE.<\/p>\n\n\n\n<p>Condenaron que los magistrados hayan actuado con dolo, mala fe y parciales en contra de los derechos laborales y humanos de los jubilados.<\/p>\n","protected":false},"excerpt":{"rendered":"<p>Yuridiana Sosa\/Zona Roja. Oaxaca de Ju\u00e1rez, Oax., 26 de febrero de 2021.-Jubilados y pensionados afiliados&hellip;<\/p>\n","protected":false},"author":2,"featured_media":24075,"comment_status":"closed","ping_status":"open","sticky":false,"template":"","format":"standard","meta":{"_lmt_disableupdate":"","_lmt_disable":"","_jetpack_memberships_contains_paid_content":false,"footnotes":""},"categories":[109,46],"tags":[312],"class_list":["post-24074","post","type-post","status-publish","format-standard","has-post-thumbnail","hentry","category-minuto-a-minuto","category-zona-blanca","tag-seccion-22-del-snte"],"jetpack_featured_media_url":"https:\/\/zonaroja.com.mx\/wp-content\/uploads\/2021\/02\/Jubilados-Seccion-22.jpg","jetpack_sharing_enabled":true,"_links":{"self":[{"href":"https:\/\/zonaroja.com.mx\/index.php?rest_route=\/wp\/v2\/posts\/24074","targetHints":{"allow":["GET"]}}],"collection":[{"href":"https:\/\/zonaroja.com.mx\/index.php?rest_route=\/wp\/v2\/posts"}],"about":[{"href":"https:\/\/zonaroja.com.mx\/index.php?rest_route=\/wp\/v2\/types\/post"}],"author":[{"embeddable":true,"href":"https:\/\/zonaroja.com.mx\/index.php?rest_route=\/wp\/v2\/users\/2"}],"replies":[{"embeddable":true,"href":"https:\/\/zonaroja.com.mx\/index.php?rest_route=%2Fwp%2Fv2%2Fcomments&post=24074"}],"version-history":[{"count":3,"href":"https:\/\/zonaroja.com.mx\/index.php?rest_route=\/wp\/v2\/posts\/24074\/revisions"}],"predecessor-version":[{"id":24078,"href":"https:\/\/zonaroja.com.mx\/index.php?rest_route=\/wp\/v2\/posts\/24074\/revisions\/24078"}],"wp:featuredmedia":[{"embeddable":true,"href":"https:\/\/zonaroja.com.mx\/index.php?rest_route=\/wp\/v2\/media\/24075"}],"wp:attachment":[{"href":"https:\/\/zonaroja.com.mx\/index.php?rest_route=%2Fwp%2Fv2%2Fmedia&parent=24074"}],"wp:term":[{"taxonomy":"category","embeddable":true,"href":"https:\/\/zonaroja.com.mx\/index.php?rest_route=%2Fwp%2Fv2%2Fcategories&post=24074"},{"taxonomy":"post_tag","embeddable":true,"href":"https:\/\/zonaroja.com.mx\/index.php?rest_route=%2Fwp%2Fv2%2Ftags&post=24074"}],"curies":[{"name":"wp","href":"https:\/\/api.w.org\/{rel}","templated":true}]}}