{"id":24082,"date":"2021-02-26T20:55:02","date_gmt":"2021-02-27T02:55:02","guid":{"rendered":"http:\/\/www.zonaroja.com.mx\/?p=24082"},"modified":"2021-02-26T20:55:28","modified_gmt":"2021-02-27T02:55:28","slug":"tras-protestas-de-feministas-quita-a-salgado-macedonio-y-repondra-proceso","status":"publish","type":"post","link":"https:\/\/zonaroja.com.mx\/?p=24082","title":{"rendered":"Tras protestas de feministas, quita Morena a Salgado Macedonio y repondr\u00e1 proceso"},"content":{"rendered":"\n<p>Redacci\u00f3n\/Zona Roja Cdmx.<\/p>\n\n\n\n<p>Ciudad de M\u00e9xico, 26 de febrero de 2021.- La Comisi\u00f3n Nacional de Honestidad y Justicia de Morena resolvi\u00f3 este viernes bajar la candidatura de F\u00e9lix Salgado Macedonio al gobierno de Guerrero e instruy\u00f3 a las Comisiones Nacional de Elecciones y Nacional de Encuestas a reponer el proceso de selecci\u00f3n.<\/p>\n\n\n\n<p>La comisi\u00f3n dijo que esto fue \u00abderivado del procedimiento de oficio iniciado por esta Comisi\u00f3n contra del C.J. F\u00e9lix Salgado Macedonio, y una vez cumplidas todas las etapas del procedimiento y habiendo realizado el an\u00e1lisis exhaustivo de las pruebas\u00bb.<\/p>\n\n\n\n<p>La designaci\u00f3n se dio a pesar de que la Comisi\u00f3n Nacional de Honestidad y Justicia (CNHJ) de Morena, aun no concluye su an\u00e1lisis sobre las denuncias por abuso sexual que se presentaron en contra del senador con licencia, as\u00ed como tampoco la indagatoria penal que lleva a cabo la Fiscal\u00eda General del Estado (FGE), en base una carpeta de investigaci\u00f3n que se encuentra vigente por el delito de violaci\u00f3n.<\/p>\n\n\n\n<p>Mujeres protestaron en redes sociales con el hashtag #PresidenteRompaElPacto y #Ungobernadornoser\u00e1gobernador, para exigir tanto al mandatario federal como a la dirigencia de Morena que retirara la candidatura de Salgado Macedonio.<\/p>\n\n\n\n<p>En Guerrero tambi\u00e9n colectivas de mujeres se han manifestado en contra de la candidatura de Salgado Macedonio.<\/p>\n\n\n\n<p>El presidente Andr\u00e9s Manuel L\u00f3pez Obrador dijo la semana pasada que si bien las denuncias sobre abuso sexual son fuertes, estas no deben convertirse en \u00ablinchamiento pol\u00edtico\u00bb.<\/p>\n\n\n\n<p>(Informaci\u00f3n de \u201cEl Financiero\u201d)<\/p>\n","protected":false},"excerpt":{"rendered":"<p>Redacci\u00f3n\/Zona Roja Cdmx. Ciudad de M\u00e9xico, 26 de febrero de 2021.- La Comisi\u00f3n Nacional de&hellip;<\/p>\n","protected":false},"author":2,"featured_media":24083,"comment_status":"closed","ping_status":"open","sticky":false,"template":"","format":"standard","meta":{"_lmt_disableupdate":"","_lmt_disable":"","_jetpack_memberships_contains_paid_content":false,"footnotes":""},"categories":[109,47],"tags":[2352],"class_list":["post-24082","post","type-post","status-publish","format-standard","has-post-thumbnail","hentry","category-minuto-a-minuto","category-zona-gris","tag-felix-salgado-macedonio"],"jetpack_featured_media_url":"https:\/\/zonaroja.com.mx\/wp-content\/uploads\/2021\/02\/Felix-Salgado-Macedonio.png","jetpack_sharing_enabled":true,"_links":{"self":[{"href":"https:\/\/zonaroja.com.mx\/index.php?rest_route=\/wp\/v2\/posts\/24082","targetHints":{"allow":["GET"]}}],"collection":[{"href":"https:\/\/zonaroja.com.mx\/index.php?rest_route=\/wp\/v2\/posts"}],"about":[{"href":"https:\/\/zonaroja.com.mx\/index.php?rest_route=\/wp\/v2\/types\/post"}],"author":[{"embeddable":true,"href":"https:\/\/zonaroja.com.mx\/index.php?rest_route=\/wp\/v2\/users\/2"}],"replies":[{"embeddable":true,"href":"https:\/\/zonaroja.com.mx\/index.php?rest_route=%2Fwp%2Fv2%2Fcomments&post=24082"}],"version-history":[{"count":2,"href":"https:\/\/zonaroja.com.mx\/index.php?rest_route=\/wp\/v2\/posts\/24082\/revisions"}],"predecessor-version":[{"id":24085,"href":"https:\/\/zonaroja.com.mx\/index.php?rest_route=\/wp\/v2\/posts\/24082\/revisions\/24085"}],"wp:featuredmedia":[{"embeddable":true,"href":"https:\/\/zonaroja.com.mx\/index.php?rest_route=\/wp\/v2\/media\/24083"}],"wp:attachment":[{"href":"https:\/\/zonaroja.com.mx\/index.php?rest_route=%2Fwp%2Fv2%2Fmedia&parent=24082"}],"wp:term":[{"taxonomy":"category","embeddable":true,"href":"https:\/\/zonaroja.com.mx\/index.php?rest_route=%2Fwp%2Fv2%2Fcategories&post=24082"},{"taxonomy":"post_tag","embeddable":true,"href":"https:\/\/zonaroja.com.mx\/index.php?rest_route=%2Fwp%2Fv2%2Ftags&post=24082"}],"curies":[{"name":"wp","href":"https:\/\/api.w.org\/{rel}","templated":true}]}}