{"id":24086,"date":"2021-02-26T21:10:55","date_gmt":"2021-02-27T03:10:55","guid":{"rendered":"http:\/\/www.zonaroja.com.mx\/?p=24086"},"modified":"2021-02-26T21:10:59","modified_gmt":"2021-02-27T03:10:59","slug":"garcia-morlan-confirma-intencion-de-buscar-presidencia-municipal-por-el-pan","status":"publish","type":"post","link":"https:\/\/zonaroja.com.mx\/?p=24086","title":{"rendered":"Garc\u00eda Morl\u00e1n confirma intenci\u00f3n de buscar presidencia municipal, por el PAN"},"content":{"rendered":"\n<p>Yuridiana Sosa\/Zona Roja.<\/p>\n\n\n\n<p>Oaxaca de Ju\u00e1rez, Oax., 26 de febrero de 2021.- La actual diputada federal por el PAN, Alejandra Garc\u00eda Morl\u00e1n se registr\u00f3 como precandidata a la presidencia municipal de Oaxaca de Ju\u00e1rez y reiter\u00f3 que busca encabezar la candidatura com\u00fan de \u201cVa por Oaxaca\u201d.<\/p>\n\n\n\n<p>En el \u00faltimo d\u00eda del registro, la militante del Partido Acci\u00f3n Nacional arrib\u00f3 la tarde de este viernes a la sede del Comit\u00e9 Directivo de dicho partido para oficializar su aspiraci\u00f3n; lo hizo acompa\u00f1ada de quienes integrar\u00edan su planilla.<\/p>\n\n\n\n<p>\u201cVengo a cumplir con la invitaci\u00f3n que emiti\u00f3 mi partido, mi casa, con militancia de m\u00e1s de 23 a\u00f1os, arropada de panistas, de gente de la sociedad civil que me han manifestado su respaldo\u201d, presumi\u00f3 la diputada federal.<\/p>\n\n\n\n<p>La tambi\u00e9n ex diputada local y ex funcionaria de Oaxaca de Ju\u00e1rez, apunt\u00f3 que \u201cOaxaca necesita urgentemente de alguien que tenga el compromiso amor por la ciudad, de responsabilidad, disposici\u00f3n, entrega\u201d.<\/p>\n\n\n\n<p>\u201cQue sea una ciudad donde no haya dos caras, el Oaxaca bonito, tur\u00edstico, de mejores servicios y el Oaxaca abandonado\u201d, expres\u00f3 respecto a contar con las mejores propuestas.<\/p>\n\n\n\n<p>Pero, del proceso de selecci\u00f3n del candidato com\u00fan donde el PRI, PAN y PRD propondr\u00e1n sus mejores perfiles, la aspirante a edil hizo un llamado a los partidos pol\u00edticos.<\/p>\n\n\n\n<p>Garc\u00eda Morl\u00e1n dijo que los partidos no pueden equivocarse, \u201cno tiene que ser el candidato de la dirigencia o de los partidos pol\u00edticos. Me parece que tienen que buscar que sea el candidato o candidata que pueda ganarse la confianza de la ciudadan\u00eda\u201d.<\/p>\n\n\n\n<p>Por eso tambi\u00e9n, dijo que, de detectar irregularidades en la consulta, donde no haya transparencia, lo va a denunciar, pues, aunque conf\u00eda en su partido, a\u00fan no se ha dado a conocer el m\u00e9todo de selecci\u00f3n.<\/p>\n\n\n\n<p>Por lo que tambi\u00e9n propuso que la encuestadora sea una empresa nacional, seria, sin inclinaciones pol\u00edticas, con reglas claras y evitar la corrupci\u00f3n en la selecci\u00f3n.<\/p>\n\n\n\n<p>Horas antes se registr\u00f3 en el PAN, el priista Javier Villaca\u00f1a Jim\u00e9nez en busca de abanderar la candidatura com\u00fan de \u00abVa por Oaxaca\u00bb.<\/p>\n","protected":false},"excerpt":{"rendered":"<p>Yuridiana Sosa\/Zona Roja. Oaxaca de Ju\u00e1rez, Oax., 26 de febrero de 2021.- La actual diputada&hellip;<\/p>\n","protected":false},"author":2,"featured_media":24087,"comment_status":"closed","ping_status":"open","sticky":false,"template":"","format":"standard","meta":{"_lmt_disableupdate":"","_lmt_disable":"","_jetpack_memberships_contains_paid_content":false,"footnotes":""},"categories":[109,46],"tags":[1734],"class_list":["post-24086","post","type-post","status-publish","format-standard","has-post-thumbnail","hentry","category-minuto-a-minuto","category-zona-blanca","tag-alejandra-garcia-morlan"],"jetpack_featured_media_url":"https:\/\/zonaroja.com.mx\/wp-content\/uploads\/2021\/02\/Alejandra-Garcia-Morlan-2.png","jetpack_sharing_enabled":true,"_links":{"self":[{"href":"https:\/\/zonaroja.com.mx\/index.php?rest_route=\/wp\/v2\/posts\/24086","targetHints":{"allow":["GET"]}}],"collection":[{"href":"https:\/\/zonaroja.com.mx\/index.php?rest_route=\/wp\/v2\/posts"}],"about":[{"href":"https:\/\/zonaroja.com.mx\/index.php?rest_route=\/wp\/v2\/types\/post"}],"author":[{"embeddable":true,"href":"https:\/\/zonaroja.com.mx\/index.php?rest_route=\/wp\/v2\/users\/2"}],"replies":[{"embeddable":true,"href":"https:\/\/zonaroja.com.mx\/index.php?rest_route=%2Fwp%2Fv2%2Fcomments&post=24086"}],"version-history":[{"count":1,"href":"https:\/\/zonaroja.com.mx\/index.php?rest_route=\/wp\/v2\/posts\/24086\/revisions"}],"predecessor-version":[{"id":24088,"href":"https:\/\/zonaroja.com.mx\/index.php?rest_route=\/wp\/v2\/posts\/24086\/revisions\/24088"}],"wp:featuredmedia":[{"embeddable":true,"href":"https:\/\/zonaroja.com.mx\/index.php?rest_route=\/wp\/v2\/media\/24087"}],"wp:attachment":[{"href":"https:\/\/zonaroja.com.mx\/index.php?rest_route=%2Fwp%2Fv2%2Fmedia&parent=24086"}],"wp:term":[{"taxonomy":"category","embeddable":true,"href":"https:\/\/zonaroja.com.mx\/index.php?rest_route=%2Fwp%2Fv2%2Fcategories&post=24086"},{"taxonomy":"post_tag","embeddable":true,"href":"https:\/\/zonaroja.com.mx\/index.php?rest_route=%2Fwp%2Fv2%2Ftags&post=24086"}],"curies":[{"name":"wp","href":"https:\/\/api.w.org\/{rel}","templated":true}]}}