{"id":24089,"date":"2021-02-26T21:31:49","date_gmt":"2021-02-27T03:31:49","guid":{"rendered":"http:\/\/www.zonaroja.com.mx\/?p=24089"},"modified":"2021-02-26T21:31:52","modified_gmt":"2021-02-27T03:31:52","slug":"sostiene-tepjf-resolucion-de-violencia-politica-por-parte-de-edil-de-juxtlahuaca","status":"publish","type":"post","link":"https:\/\/zonaroja.com.mx\/?p=24089","title":{"rendered":"Sostiene TEPJF resoluci\u00f3n de violencia pol\u00edtica por parte de edil de Juxtlahuaca"},"content":{"rendered":"\n<p>Evlin Arag\u00f3n\/Zona Roja.<\/p>\n\n\n\n<p>Oaxaca de Ju\u00e1rez, Oax., 26 de febrero de 2021.- La Sala Regional Xalapa del Tribunal Electoral del Poder Judicial de la Federaci\u00f3n (TEPJF), confirm\u00f3 la resoluci\u00f3n del Tribunal Electoral del Estado de Oaxaca (TEEO), mediante la cual orden\u00f3 el pago de dietas adeudadas a regidoras y regidor del ayuntamiento de Santiago Juxtlahuaca.&nbsp;<\/p>\n\n\n\n<p>En sesi\u00f3n no presencial, el pleno valid\u00f3 la existencia de violencia pol\u00edtica en contra de Caridad del Carmen Leyva L\u00f3pez, Monserrat D\u00edaz Mej\u00eda y \u00c1lvaro Tirso Carrera S\u00e1nchez, integrantes del Cabildo municipal, quienes en el 2020 iniciaron un procedimiento en defensa de sus derechos pol\u00edtico electorales, ante el tribunal local.&nbsp;<\/p>\n\n\n\n<p>De acuerdo con lo expuesto por las y los magistrados federales, la resoluci\u00f3n del TEEO es v\u00e1lida, ya que tom\u00f3 en cuenta la repetici\u00f3n del acto reclamado por las personas afectadas, de ah\u00ed que aval\u00f3 la existencia de violencia en contra de integrantes del cuerpo colegiado municipal.<\/p>\n\n\n\n<p>\u201cEllo, porque fue correcto que el TEEO analizara la posible vulneraci\u00f3n al derecho pol\u00edtico-electoral de ser votado en su vertiente del ejercicio del cargo, llegando a la conclusi\u00f3n de acreditarla al haberse actualiza la repetici\u00f3n del acto reclamado\u201d, cita el documento emitido por la instancia.&nbsp;<\/p>\n\n\n\n<p>Fue el pasado 21 de enero que el TEEO resolvi\u00f3 el Juicio para la Protecci\u00f3n de los Derechos Pol\u00edtico Electorales del Ciudadano identificado con la clave JDC\/110\/2020, acreditando que existi\u00f3 violencia pol\u00edtica cometida por el presidente municipal, la s\u00edndica municipal, el regidor de Hacienda y el tesorero municipal, en contra tres regidores, al omitir el pago de dietas durante 2020.&nbsp;<\/p>\n\n\n\n<p>En consecuencia, se orden\u00f3 a la autoridad responsable realizar el pago con los montos conforme a derecho, e igualitario al resto de los concejales de Santiago Juxtlahuaca.&nbsp;<\/p>\n\n\n\n<p>El acto reclamado por la parte afectada refer\u00eda la falta de pago de las dietas correspondientes de la primera quincena del mes de enero del 2020 a la fecha; y la obstrucci\u00f3n del ejercicio del cargo, acusando como responsable directo al edil Nicol\u00e1s Enrique Feria Romero.&nbsp;<\/p>\n","protected":false},"excerpt":{"rendered":"<p>Evlin Arag\u00f3n\/Zona Roja. Oaxaca de Ju\u00e1rez, Oax., 26 de febrero de 2021.- La Sala Regional&hellip;<\/p>\n","protected":false},"author":2,"featured_media":24090,"comment_status":"closed","ping_status":"open","sticky":false,"template":"","format":"standard","meta":{"_lmt_disableupdate":"","_lmt_disable":"","_jetpack_memberships_contains_paid_content":false,"footnotes":""},"categories":[109,47],"tags":[826],"class_list":["post-24089","post","type-post","status-publish","format-standard","has-post-thumbnail","hentry","category-minuto-a-minuto","category-zona-gris","tag-santiago-juxtlahuaca"],"jetpack_featured_media_url":"https:\/\/zonaroja.com.mx\/wp-content\/uploads\/2021\/02\/Nicolas-Feria-Romero.jpg","jetpack_sharing_enabled":true,"_links":{"self":[{"href":"https:\/\/zonaroja.com.mx\/index.php?rest_route=\/wp\/v2\/posts\/24089","targetHints":{"allow":["GET"]}}],"collection":[{"href":"https:\/\/zonaroja.com.mx\/index.php?rest_route=\/wp\/v2\/posts"}],"about":[{"href":"https:\/\/zonaroja.com.mx\/index.php?rest_route=\/wp\/v2\/types\/post"}],"author":[{"embeddable":true,"href":"https:\/\/zonaroja.com.mx\/index.php?rest_route=\/wp\/v2\/users\/2"}],"replies":[{"embeddable":true,"href":"https:\/\/zonaroja.com.mx\/index.php?rest_route=%2Fwp%2Fv2%2Fcomments&post=24089"}],"version-history":[{"count":1,"href":"https:\/\/zonaroja.com.mx\/index.php?rest_route=\/wp\/v2\/posts\/24089\/revisions"}],"predecessor-version":[{"id":24091,"href":"https:\/\/zonaroja.com.mx\/index.php?rest_route=\/wp\/v2\/posts\/24089\/revisions\/24091"}],"wp:featuredmedia":[{"embeddable":true,"href":"https:\/\/zonaroja.com.mx\/index.php?rest_route=\/wp\/v2\/media\/24090"}],"wp:attachment":[{"href":"https:\/\/zonaroja.com.mx\/index.php?rest_route=%2Fwp%2Fv2%2Fmedia&parent=24089"}],"wp:term":[{"taxonomy":"category","embeddable":true,"href":"https:\/\/zonaroja.com.mx\/index.php?rest_route=%2Fwp%2Fv2%2Fcategories&post=24089"},{"taxonomy":"post_tag","embeddable":true,"href":"https:\/\/zonaroja.com.mx\/index.php?rest_route=%2Fwp%2Fv2%2Ftags&post=24089"}],"curies":[{"name":"wp","href":"https:\/\/api.w.org\/{rel}","templated":true}]}}