{"id":24092,"date":"2021-02-26T21:59:22","date_gmt":"2021-02-27T03:59:22","guid":{"rendered":"http:\/\/www.zonaroja.com.mx\/?p=24092"},"modified":"2021-02-26T21:59:30","modified_gmt":"2021-02-27T03:59:30","slug":"muere-joven-madre-victima-de-quemaduras-en-incendio-en-mazunte","status":"publish","type":"post","link":"https:\/\/zonaroja.com.mx\/?p=24092","title":{"rendered":"Muere joven madre, v\u00edctima de quemaduras en incendio en Mazunte"},"content":{"rendered":"\n<p>Yuridiana Sosa\/Zona Roja.<\/p>\n\n\n\n<p>Oaxaca de Ju\u00e1rez, Oax., 26 de febrero de 2021.- A m\u00e1s de una semana de la tragedia, en la que seis integrantes de una familia en Mazunte, localidad del municipio de Santa Mar\u00eda Tonameca, Griselda Vicente, de 18 a\u00f1os de edad, falleci\u00f3 este viernes.<\/p>\n\n\n\n<p>La joven madre de una menor de 10 meses, tambi\u00e9n lesionada, registr\u00f3 quemaduras en el 70 por ciento del cuerpo, por lo que fue enviada en una aeronave de la Secretar\u00eda de Marina al Hospital General \u201cDr. Rub\u00e9n Le\u00f1ero\u201d, en la Ciudad de M\u00e9xico, donde perdi\u00f3 la vida.<\/p>\n\n\n\n<p>El pasado 17 de febrero explot\u00f3 un tanque de gas en la casa de la familia Rodr\u00edguez Carmona, en esa localidad de la regi\u00f3n de la Costa.<\/p>\n\n\n\n<p>Entre las v\u00edctimas se report\u00f3 una menor de 10 meses de edad, hija de la hoy occisa, quien se encuentra en el Hospital de la Ni\u00f1ez Oaxaque\u00f1a en la regi\u00f3n de Valles Centrales.<\/p>\n\n\n\n<p>En el Hospital General de San Pedro Pochutla siguen internados Martha Yadira, de 39 a\u00f1os; Edwin Jaciel, de 20 a\u00f1os; Teresa de 59 a\u00f1os y Petrona de 62 a\u00f1os.<\/p>\n\n\n\n<p>Los familiares de las v\u00edctimas solicitan a los Servicios de Salud de Oaxaca que las mujeres de 59 y 62 a\u00f1os de edad sean enviadas para mejor atenci\u00f3n a otros hospitales que cuenten con especializas y equipo m\u00e9dico necesario, pues hasta el momento consideran que no reciben los cuidados m\u00e9dicos suficientes para su recuperaci\u00f3n y temen por su salud.<\/p>\n","protected":false},"excerpt":{"rendered":"<p>Yuridiana Sosa\/Zona Roja. Oaxaca de Ju\u00e1rez, Oax., 26 de febrero de 2021.- A m\u00e1s de&hellip;<\/p>\n","protected":false},"author":2,"featured_media":24093,"comment_status":"closed","ping_status":"open","sticky":false,"template":"","format":"standard","meta":{"_lmt_disableupdate":"","_lmt_disable":"","_jetpack_memberships_contains_paid_content":false,"footnotes":""},"categories":[109,47],"tags":[510],"class_list":["post-24092","post","type-post","status-publish","format-standard","has-post-thumbnail","hentry","category-minuto-a-minuto","category-zona-gris","tag-mazunte-tonameca"],"jetpack_featured_media_url":"https:\/\/zonaroja.com.mx\/wp-content\/uploads\/2021\/02\/Quemada-Mazunte.jpg","jetpack_sharing_enabled":true,"_links":{"self":[{"href":"https:\/\/zonaroja.com.mx\/index.php?rest_route=\/wp\/v2\/posts\/24092","targetHints":{"allow":["GET"]}}],"collection":[{"href":"https:\/\/zonaroja.com.mx\/index.php?rest_route=\/wp\/v2\/posts"}],"about":[{"href":"https:\/\/zonaroja.com.mx\/index.php?rest_route=\/wp\/v2\/types\/post"}],"author":[{"embeddable":true,"href":"https:\/\/zonaroja.com.mx\/index.php?rest_route=\/wp\/v2\/users\/2"}],"replies":[{"embeddable":true,"href":"https:\/\/zonaroja.com.mx\/index.php?rest_route=%2Fwp%2Fv2%2Fcomments&post=24092"}],"version-history":[{"count":1,"href":"https:\/\/zonaroja.com.mx\/index.php?rest_route=\/wp\/v2\/posts\/24092\/revisions"}],"predecessor-version":[{"id":24094,"href":"https:\/\/zonaroja.com.mx\/index.php?rest_route=\/wp\/v2\/posts\/24092\/revisions\/24094"}],"wp:featuredmedia":[{"embeddable":true,"href":"https:\/\/zonaroja.com.mx\/index.php?rest_route=\/wp\/v2\/media\/24093"}],"wp:attachment":[{"href":"https:\/\/zonaroja.com.mx\/index.php?rest_route=%2Fwp%2Fv2%2Fmedia&parent=24092"}],"wp:term":[{"taxonomy":"category","embeddable":true,"href":"https:\/\/zonaroja.com.mx\/index.php?rest_route=%2Fwp%2Fv2%2Fcategories&post=24092"},{"taxonomy":"post_tag","embeddable":true,"href":"https:\/\/zonaroja.com.mx\/index.php?rest_route=%2Fwp%2Fv2%2Ftags&post=24092"}],"curies":[{"name":"wp","href":"https:\/\/api.w.org\/{rel}","templated":true}]}}