{"id":24095,"date":"2021-02-26T22:11:37","date_gmt":"2021-02-27T04:11:37","guid":{"rendered":"http:\/\/www.zonaroja.com.mx\/?p=24095"},"modified":"2021-02-26T22:11:40","modified_gmt":"2021-02-27T04:11:40","slug":"que-son-117-casos-positivos-y-14-defunciones-por-covid-dicen-los-sso","status":"publish","type":"post","link":"https:\/\/zonaroja.com.mx\/?p=24095","title":{"rendered":"Que son 117 casos positivos y 14 defunciones por Covid, dicen los SSO"},"content":{"rendered":"\n<p>Redacci\u00f3n\/Zona Roja.<\/p>\n\n\n\n<p>Oaxaca de Ju\u00e1rez, Oax. 26 de febrero de 2021.- Durante las \u00faltimas 24 horas, fueron detectados 117 casos nuevos de Covid-19 en el estado, llegando a 40 mil 329 contagios acumulados, informaron los Servicios de Salud de Oaxaca (SSO) en el corte epidemiol\u00f3gico de este 26 de febrero.<\/p>\n\n\n\n<p>En un comunicado, la instituci\u00f3n indic\u00f3 que este viernes desafortunadamente se notificaron 14 defunciones, dando un total de dos mil 887 personas que han perdido la vida a causa del virus; mil 881 eran hombres y mil 006 mujeres, siendo el grupo de edad m\u00e1s afectado las personas mayores de 65 a\u00f1os, con mil 342 muertes.<\/p>\n\n\n\n<p>Detall\u00f3 que la hipertensi\u00f3n arterial estaba presente en el 40.7% de las personas que fallecieron a causa del coronavirus, en un 36.2% la diabetes mellitus y 21.9% la obesidad.<\/p>\n\n\n\n<p>En cuanto a hospitalizaci\u00f3n a nivel estatal, el funcionario dijo que hay una ocupaci\u00f3n del 58% en general; 12 nosocomios se encuentran al 100% en su capacidad de ingresos. Por Jurisdicci\u00f3n Sanitaria, Valles Centrales report\u00f3 una saturaci\u00f3n de camas del 72.2%, Mixteca 58.7%, Istmo 46.9%, Costa 41.5%, Tuxtepec 39%, y Sierra 13.3%.<\/p>\n\n\n\n<p>Subray\u00f3 que el 25 y 26 de febrero se ingresaron a 33 nuevos pacientes a la red m\u00e9dica en Oaxaca, es decir hay 343 camas ocupadas, de un total de 591.<\/p>\n\n\n\n<p>Enfatiz\u00f3 que los nuevos diagn\u00f3sticos reportados en las \u00faltimas 24 horas se ubican en 50 municipios, entre los que sobresalen: Oaxaca de Ju\u00e1rez con 47, San Juan Bautista Tuxtepec con 21, Heroica Ciudad de Huajuapan de Le\u00f3n con 14, Santa cruz Xoxocotl\u00e1n con 10 y Santa Luc\u00eda del Camino con nueve; asimismo, por primera vez en la lista de ayuntamientos con contagios se notific\u00f3 a San Juan Diuxi con un caso.<\/p>\n\n\n\n<p>Mencion\u00f3 que la Jurisdicci\u00f3n Sanitaria de Valles Centrales contabiliz\u00f3 27 mil 797 casos y mil 541 defunciones; Istmo tres mil 338 y 462 decesos; Mixteca tres mil 322 y 267 muertes; Tuxtepec dos mil 491 y 309 fallecimientos; Costa mil 986 y 191 p\u00e9rdidas fatales; Sierra mil 395 y 117 muertes.<\/p>\n\n\n\n<p>Finalmente, se\u00f1al\u00f3 que las acciones de higiene, el uso obligatorio del cubrebocas, sana distancia y el lavado de manos frecuentemente, contin\u00faan siendo indispensables para evitar contagios, adem\u00e1s invit\u00f3 a la ciudadan\u00eda a no \u201cbajar la guardia, ya que la pandemia contin\u00faa activa\u201d.<\/p>\n","protected":false},"excerpt":{"rendered":"<p>Redacci\u00f3n\/Zona Roja. Oaxaca de Ju\u00e1rez, Oax. 26 de febrero de 2021.- Durante las \u00faltimas 24&hellip;<\/p>\n","protected":false},"author":2,"featured_media":24096,"comment_status":"closed","ping_status":"open","sticky":false,"template":"","format":"standard","meta":{"_lmt_disableupdate":"","_lmt_disable":"","_jetpack_memberships_contains_paid_content":false,"footnotes":""},"categories":[109,47],"tags":[1512],"class_list":["post-24095","post","type-post","status-publish","format-standard","has-post-thumbnail","hentry","category-minuto-a-minuto","category-zona-gris","tag-coronavirus-oaxaca"],"jetpack_featured_media_url":"https:\/\/zonaroja.com.mx\/wp-content\/uploads\/2021\/02\/SSO-1-2-1.jpeg","jetpack_sharing_enabled":true,"_links":{"self":[{"href":"https:\/\/zonaroja.com.mx\/index.php?rest_route=\/wp\/v2\/posts\/24095","targetHints":{"allow":["GET"]}}],"collection":[{"href":"https:\/\/zonaroja.com.mx\/index.php?rest_route=\/wp\/v2\/posts"}],"about":[{"href":"https:\/\/zonaroja.com.mx\/index.php?rest_route=\/wp\/v2\/types\/post"}],"author":[{"embeddable":true,"href":"https:\/\/zonaroja.com.mx\/index.php?rest_route=\/wp\/v2\/users\/2"}],"replies":[{"embeddable":true,"href":"https:\/\/zonaroja.com.mx\/index.php?rest_route=%2Fwp%2Fv2%2Fcomments&post=24095"}],"version-history":[{"count":1,"href":"https:\/\/zonaroja.com.mx\/index.php?rest_route=\/wp\/v2\/posts\/24095\/revisions"}],"predecessor-version":[{"id":24097,"href":"https:\/\/zonaroja.com.mx\/index.php?rest_route=\/wp\/v2\/posts\/24095\/revisions\/24097"}],"wp:featuredmedia":[{"embeddable":true,"href":"https:\/\/zonaroja.com.mx\/index.php?rest_route=\/wp\/v2\/media\/24096"}],"wp:attachment":[{"href":"https:\/\/zonaroja.com.mx\/index.php?rest_route=%2Fwp%2Fv2%2Fmedia&parent=24095"}],"wp:term":[{"taxonomy":"category","embeddable":true,"href":"https:\/\/zonaroja.com.mx\/index.php?rest_route=%2Fwp%2Fv2%2Fcategories&post=24095"},{"taxonomy":"post_tag","embeddable":true,"href":"https:\/\/zonaroja.com.mx\/index.php?rest_route=%2Fwp%2Fv2%2Ftags&post=24095"}],"curies":[{"name":"wp","href":"https:\/\/api.w.org\/{rel}","templated":true}]}}