{"id":24098,"date":"2021-02-28T10:00:46","date_gmt":"2021-02-28T16:00:46","guid":{"rendered":"http:\/\/www.zonaroja.com.mx\/?p=24098"},"modified":"2021-02-27T06:55:27","modified_gmt":"2021-02-27T12:55:27","slug":"opinion-los-limites-del-pragmatismo","status":"publish","type":"post","link":"https:\/\/zonaroja.com.mx\/?p=24098","title":{"rendered":"Opini\u00f3n. Los l\u00edmites del pragmatismo"},"content":{"rendered":"\n<p>Gibr\u00e1n Ram\u00edrez Reyes*<\/p>\n\n\n\n<p>M\u00e1s que de ganar las gubernaturas y los ayuntamientos en disputa, la batalla pol\u00edtica fundamental de los pr\u00f3ximos meses es por la mayor\u00eda en la C\u00e1mara de diputadas y diputados.<\/p>\n\n\n\n<p>Gobernadores y presidentes municipales dependen de incentivos muy diversos para colaborar con el presidente en turno, y a veces colaboran poco, aunque sean del mismo partido \u2014m\u00e1s en estos tiempos, donde la Segob no es ya la que era, donde la disciplina pol\u00edtica ha perdido terreno a favor de la libertad\u2014 o viceversa.<\/p>\n\n\n\n<p>Es distinto el caso de los legisladores federales, que s\u00ed act\u00faan con una l\u00f3gica de l\u00ednea partidista m\u00e1s o menos estable de principio a fin de las legislaturas y, adem\u00e1s, es ah\u00ed donde podr\u00eda orquestarse un bloqueo al principal instrumento de gobierno, que es el Presupuesto de Egresos de la Federaci\u00f3n.<\/p>\n\n\n\n<p>Como las elecciones a diputados federales significan poco por s\u00ed mismas para el pueblo y concitan menor inter\u00e9s o entusiasmo, su votaci\u00f3n suele descansar sobre las figuras m\u00e1s visibles e inmediatas para los ciudadanos de los presidentes municipales y gobernadores.<\/p>\n\n\n\n<p>En ese sentido, para el orden federal, para la disputa nacional, los nombres de candidatas y candidatos a gobernadores y presidentes municipales se convierten apenas en un pretexto electoral para la disputa de los 300 distritos electorales federales. La oposici\u00f3n lo tiene claro y dirige a ese objetivo sus energ\u00edas.&nbsp;<\/p>\n\n\n\n<p>Morena lo tiene claro tambi\u00e9n, y a eso responde el grado de pragmatismo con el que la dirigencia ha actuado en la selecci\u00f3n de ciertos candidatos a gobernadores y que, aunque sea pol\u00e9mico, puede considerarse como correcto si se le estima en esa dimensi\u00f3n estrat\u00e9gica.<\/p>\n\n\n\n<p>Pero el pragmatismo deber\u00eda tener por lo menos dos l\u00edmites: uno humanitario y uno pol\u00edtico. El humanitario implica recordar en todo momento que, aunque sean un objetivo secundario, las presidencias municipales y gubernaturas influyen en la vida de millones de personas.<\/p>\n\n\n\n<p>El pol\u00edtico implica asegurarse de no estar sumando, m\u00e1s que nuevos aliados, semillas de traici\u00f3n futura, como le pas\u00f3 a Lula. As\u00ed, es buena la suma de M\u00f3nica Rangel, quien sin ser militante partidista proviene de un gobierno priista y que comparte con Morena la m\u00edstica del trabajo territorial que ha realizado como m\u00e9dica.<\/p>\n\n\n\n<p>En esa l\u00f3gica es tambi\u00e9n una excelente noticia la suma de Clara Luz Flores, que no solo renunci\u00f3 al PRI antes de tener nada seguro en Morena, sino que ha emprendido pol\u00edticas de prevenci\u00f3n del delito con inclusi\u00f3n y justicia social.<\/p>\n\n\n\n<p>Pero inadmisibles, m\u00e1s all\u00e1 de l\u00edmites razonables, son otras sumas que se han realizado de menor visibilidad pero que, de volverse uso com\u00fan, podr\u00edan profundizar la degradaci\u00f3n de la vida de pueblos sin asegurar ning\u00fan cambio en la representaci\u00f3n pol\u00edtica.<\/p>\n\n\n\n<p>Es el caso de Jessica Cabal y Antonio Magdaleno en Guanajuato, representantes de un panismo simbi\u00f3tico con el crimen organizado \u2014o sea, del mal gobierno\u2014 que no encontraron ah\u00ed, a la \u00faltima hora, las candidaturas que cre\u00edan merecer.<\/p>\n\n\n\n<p>&nbsp;Es el caso, tambi\u00e9n, de Xavier Nava, un opositor muy vocal en su convicci\u00f3n contra la Cuarta Transformaci\u00f3n que hoy se viste de guinda. \u00bfCu\u00e1ntos ser\u00e1n en todo el territorio?<\/p>\n\n\n\n<p>*Doctor en Ciencia Pol\u00edtica por la UNAM.<\/p>\n\n\n\n<p>Publicado con la autorizaci\u00f3n del autor.<\/p>\n","protected":false},"excerpt":{"rendered":"<p>Gibr\u00e1n Ram\u00edrez Reyes* M\u00e1s que de ganar las gubernaturas y los ayuntamientos en disputa, la&hellip;<\/p>\n","protected":false},"author":2,"featured_media":24099,"comment_status":"closed","ping_status":"open","sticky":false,"template":"","format":"standard","meta":{"_lmt_disableupdate":"","_lmt_disable":"","_jetpack_memberships_contains_paid_content":false,"footnotes":""},"categories":[456,109],"tags":[2489],"class_list":["post-24098","post","type-post","status-publish","format-standard","has-post-thumbnail","hentry","category-columna","category-minuto-a-minuto","tag-gibran-ramirez-reyes"],"jetpack_featured_media_url":"https:\/\/zonaroja.com.mx\/wp-content\/uploads\/2021\/02\/Gibran-Ramirez-Reyes.jpg","jetpack_sharing_enabled":true,"_links":{"self":[{"href":"https:\/\/zonaroja.com.mx\/index.php?rest_route=\/wp\/v2\/posts\/24098","targetHints":{"allow":["GET"]}}],"collection":[{"href":"https:\/\/zonaroja.com.mx\/index.php?rest_route=\/wp\/v2\/posts"}],"about":[{"href":"https:\/\/zonaroja.com.mx\/index.php?rest_route=\/wp\/v2\/types\/post"}],"author":[{"embeddable":true,"href":"https:\/\/zonaroja.com.mx\/index.php?rest_route=\/wp\/v2\/users\/2"}],"replies":[{"embeddable":true,"href":"https:\/\/zonaroja.com.mx\/index.php?rest_route=%2Fwp%2Fv2%2Fcomments&post=24098"}],"version-history":[{"count":1,"href":"https:\/\/zonaroja.com.mx\/index.php?rest_route=\/wp\/v2\/posts\/24098\/revisions"}],"predecessor-version":[{"id":24100,"href":"https:\/\/zonaroja.com.mx\/index.php?rest_route=\/wp\/v2\/posts\/24098\/revisions\/24100"}],"wp:featuredmedia":[{"embeddable":true,"href":"https:\/\/zonaroja.com.mx\/index.php?rest_route=\/wp\/v2\/media\/24099"}],"wp:attachment":[{"href":"https:\/\/zonaroja.com.mx\/index.php?rest_route=%2Fwp%2Fv2%2Fmedia&parent=24098"}],"wp:term":[{"taxonomy":"category","embeddable":true,"href":"https:\/\/zonaroja.com.mx\/index.php?rest_route=%2Fwp%2Fv2%2Fcategories&post=24098"},{"taxonomy":"post_tag","embeddable":true,"href":"https:\/\/zonaroja.com.mx\/index.php?rest_route=%2Fwp%2Fv2%2Ftags&post=24098"}],"curies":[{"name":"wp","href":"https:\/\/api.w.org\/{rel}","templated":true}]}}