{"id":24101,"date":"2021-02-27T07:33:37","date_gmt":"2021-02-27T13:33:37","guid":{"rendered":"http:\/\/www.zonaroja.com.mx\/?p=24101"},"modified":"2021-02-27T07:33:41","modified_gmt":"2021-02-27T13:33:41","slug":"tras-10-dias-de-desaparecido-hallan-osamenta-de-individuo-en-valle-nacional","status":"publish","type":"post","link":"https:\/\/zonaroja.com.mx\/?p=24101","title":{"rendered":"Tras 10 d\u00edas de desaparecido, hallan osamenta de individuo en Valle Nacional"},"content":{"rendered":"\n<p>Redacci\u00f3n\/Zona Roja.<\/p>\n\n\n\n<p>Oaxaca de Ju\u00e1rez, Oax., 27 de febrero de 2021.- Luego de diez d\u00edas de haber sido reportado como desaparecido, ayer fue hallada una osamente de un individuo en San Juan Bautista Valle Nacional, en la regi\u00f3n Cuenca de Oaxaca.<\/p>\n\n\n\n<p>De acuerdo con la ficha que difundi\u00f3 en su momento la Unidad de B\u00fasqueda de Personas Desaparecidas y no Localizadas, dependiente de la Fiscal\u00eda General del Estado, Julio C\u00e9sar Mendoza Flores, de 28 a\u00f1os de edad, fue visto por \u00faltima vez el 17 de febrero en la colonia El Para\u00edso de dicho municipio.<\/p>\n\n\n\n<p>Vest\u00eda entonces playera blanca, short gris y calzaba unas chanclas; con esa ropa fue localizado ayer alrededor de las tres de la tarde en la zona de las casitas de la misma colonia, cerca de la carretera federal 175, tramo Tuxtepec-Oaxaca.<\/p>\n\n\n\n<p>Fueron familiares quienes confirmaron el hallazgo del cuerpo, as\u00ed como la identidad, lo cual ser\u00e1 corroborado por la Fiscal\u00eda General del Estado con los peritajes y estudios correspondientes.<\/p>\n\n\n\n<p>El hombre era casado y ten\u00eda tres hijos menores de edad.<\/p>\n","protected":false},"excerpt":{"rendered":"<p>Redacci\u00f3n\/Zona Roja. Oaxaca de Ju\u00e1rez, Oax., 27 de febrero de 2021.- Luego de diez d\u00edas&hellip;<\/p>\n","protected":false},"author":2,"featured_media":24102,"comment_status":"closed","ping_status":"open","sticky":false,"template":"","format":"standard","meta":{"_lmt_disableupdate":"","_lmt_disable":"","_jetpack_memberships_contains_paid_content":false,"footnotes":""},"categories":[109,51],"tags":[1824],"class_list":["post-24101","post","type-post","status-publish","format-standard","has-post-thumbnail","hentry","category-minuto-a-minuto","category-zona-roja","tag-san-juan-bautista-valle-nacional"],"jetpack_featured_media_url":"https:\/\/zonaroja.com.mx\/wp-content\/uploads\/2021\/02\/Desaparecido-Valle-Nacional.jpg","jetpack_sharing_enabled":true,"_links":{"self":[{"href":"https:\/\/zonaroja.com.mx\/index.php?rest_route=\/wp\/v2\/posts\/24101","targetHints":{"allow":["GET"]}}],"collection":[{"href":"https:\/\/zonaroja.com.mx\/index.php?rest_route=\/wp\/v2\/posts"}],"about":[{"href":"https:\/\/zonaroja.com.mx\/index.php?rest_route=\/wp\/v2\/types\/post"}],"author":[{"embeddable":true,"href":"https:\/\/zonaroja.com.mx\/index.php?rest_route=\/wp\/v2\/users\/2"}],"replies":[{"embeddable":true,"href":"https:\/\/zonaroja.com.mx\/index.php?rest_route=%2Fwp%2Fv2%2Fcomments&post=24101"}],"version-history":[{"count":1,"href":"https:\/\/zonaroja.com.mx\/index.php?rest_route=\/wp\/v2\/posts\/24101\/revisions"}],"predecessor-version":[{"id":24103,"href":"https:\/\/zonaroja.com.mx\/index.php?rest_route=\/wp\/v2\/posts\/24101\/revisions\/24103"}],"wp:featuredmedia":[{"embeddable":true,"href":"https:\/\/zonaroja.com.mx\/index.php?rest_route=\/wp\/v2\/media\/24102"}],"wp:attachment":[{"href":"https:\/\/zonaroja.com.mx\/index.php?rest_route=%2Fwp%2Fv2%2Fmedia&parent=24101"}],"wp:term":[{"taxonomy":"category","embeddable":true,"href":"https:\/\/zonaroja.com.mx\/index.php?rest_route=%2Fwp%2Fv2%2Fcategories&post=24101"},{"taxonomy":"post_tag","embeddable":true,"href":"https:\/\/zonaroja.com.mx\/index.php?rest_route=%2Fwp%2Fv2%2Ftags&post=24101"}],"curies":[{"name":"wp","href":"https:\/\/api.w.org\/{rel}","templated":true}]}}